{"id":1405,"date":"2020-03-16T16:28:39","date_gmt":"2020-03-16T16:28:39","guid":{"rendered":"https:\/\/apoiar-stressdeguerra.com\/pt\/?p=1405"},"modified":"2020-03-19T15:02:06","modified_gmt":"2020-03-19T15:02:06","slug":"funcionamento-da-apoiar-estado-alerta-do-corona-virus","status":"publish","type":"post","link":"https:\/\/apoiar-stressdeguerra.com\/pt\/2020\/03\/16\/funcionamento-da-apoiar-estado-alerta-do-corona-virus\/","title":{"rendered":"FUNCIONAMENTO DA APOIAR DURANTE O ESTADO DE ALERTA\u00a0 DO CORONA V\u00cdRUS"},"content":{"rendered":"<div id=\"pl-1405\"  class=\"panel-layout\" ><div id=\"pg-1405-0\"  class=\"panel-grid panel-no-style\" ><div id=\"pgc-1405-0-0\"  class=\"panel-grid-cell\" ><div id=\"panel-1405-0-0-0\" class=\"so-panel widget widget_sow-editor panel-first-child panel-last-child\" data-index=\"0\" ><div\n\t\t\t\n\t\t\tclass=\"so-widget-sow-editor so-widget-sow-editor-base\"\n\t\t\t\n\t\t>\n<div class=\"siteorigin-widget-tinymce textwidget\">\n\t<p><span style=\"color: #000000;\"><img loading=\"lazy\" decoding=\"async\" class=\"alignright\" src=\"https:\/\/www.sns.gov.pt\/wp-content\/uploads\/2020\/03\/Banner-SNS-02-2.png\" width=\"343\" height=\"216\" \/>Caros associados e utentes.<\/span><\/p>\n<p><span style=\"color: #000000;\">A Associa\u00e7\u00e3o APOIAR ir\u00e1, <b>sem outra evolu\u00e7\u00e3o do estado de alerta decretado pelo governo<\/b>, manter o seu funcionamento e atendimento ao p\u00fablico com as limita\u00e7\u00f5es necess\u00e1rias. De acordo com as recomenda\u00e7\u00f5es da Direc\u00e7\u00e3o Geral de Sa\u00fade, a APOIAR implementou um plano de conting\u00eancia de modo a poder continuar a funcionar de modo eficaz e seguro.<\/span><\/p>\n<p><span style=\"color: #000000;\">Assim,\u00a0 a APOIAR apela aos seus associados e utentes que a sua desloca\u00e7\u00e3o \u00e0 associa\u00e7\u00e3o\u00a0se fa\u00e7a apenas em situa\u00e7\u00f5es inadi\u00e1veis, sendo dado prefer\u00eancia ao contacto telef\u00f3nico ou por email.<\/span><\/p>\n<p><span style=\"color: #000000;\">O hor\u00e1rio de abertura ao p\u00fablico nestas condi\u00e7\u00f5es <b>fica limitado das 09:00 \u00e0s 13:00, <\/b>estando a sede encerrada para o p\u00fablico a partir dessa hora. O atendimento telef\u00f3nico e por e-mail permanece dentro do hor\u00e1rio normal.<\/span><\/p>\n<p><b>A ser declarado estado de emerg\u00eancia ou medidas de circula\u00e7\u00e3o mais restritivas, por raz\u00f5es \u00f3bvias a APOIAR ir\u00e1 <\/b><b>apenas atender por telefone ou e-mail.<\/b><\/p>\n<p><span style=\"color: #000000;\">Informamos tamb\u00e9m que a realiza\u00e7\u00e3o de consultas n\u00e3o urgentes ser\u00e1 feita por telefone com emiss\u00e3o de receitu\u00e1rio por sms ou envio por correio. No caso de consultas urgentes, ao crit\u00e9rio cl\u00ednico do m\u00e9dico, o doente dever\u00e1 comparecer no dia acordado dentro do hor\u00e1rio referido.<\/span><\/p>\n<p><span style=\"color: #000000;\">Pedimos tamb\u00e9m para que se tiver de vir \u00e0 APOIAR, evite a perman\u00eancia na sala de espera, mantendo-se na mesma apenas durante o tempo estritamente necess\u00e1rio.<\/span><\/p>\n<p><span style=\"color: #000000;\">Informamos tamb\u00e9m que ir\u00e1 desmarcar e adiar reuni\u00f5es e eventos pr\u00f3ximos, suspendendo para j\u00e1 a realiza\u00e7\u00e3o da Assembleia Geral Ordin\u00e1ria que ir\u00e1 ser remarcada para data oportuna. A realiza\u00e7\u00e3o dos eventos do anivers\u00e1rio e do passeio est\u00e1 tamb\u00e9m adiada para datas oportunas<\/span><\/p>\n<p><span style=\"color: #000000;\">Todas as informa\u00e7\u00f5es e actualiza\u00e7\u00f5es relativas a esta situa\u00e7\u00e3o estar\u00e3o dispon\u00edveis no s\u00edtio da internet e na p\u00e1gina de facebook da APOIAR<\/span><\/p>\n<p><span style=\"color: #000000;\">Neste momento delicado pedimos a compreens\u00e3o e apelamos \u00e0\u00a0 colabora\u00e7\u00e3o de todos os associados, utentes e institui\u00e7\u00f5es, de modo a que possamos continuar a funcionar e a servir os associados e utentes de forma segura e ultrapassarmos esta fase com o m\u00ednimo de consequ\u00eancias adversas.<\/span><\/p>\n<p><span style=\"color: #000000;\">A Direc\u00e7\u00e3o da APOIAR<\/span><\/p>\n<\/div>\n<\/div><\/div><\/div><div id=\"pgc-1405-0-1\"  class=\"panel-grid-cell\" ><div id=\"panel-1405-0-1-0\" class=\"so-panel widget widget_sow-editor panel-first-child panel-last-child\" data-index=\"1\" ><div\n\t\t\t\n\t\t\tclass=\"so-widget-sow-editor so-widget-sow-editor-base\"\n\t\t\t\n\t\t><h3 class=\"widget-title\">ATENDIMENTO APOIAR<\/h3>\n<div class=\"siteorigin-widget-tinymce textwidget\">\n\t<h4 style=\"text-align: center;\"><span id=\"ATENCAO_Durante_as_medidas_de_contingencia_do_COVID-19_o_atendimento_presencial_so_sera_feito_entre_as_0900_e_as_1300_e_em_condicoes_especificas_Entre_as_1400_e_as_1800_o_atendimento_sera_apenas_feito_por_telefone_ou_e-mail\" class=\"ez-toc-section\" style=\"color: #ff0000;\"><b>ATEN\u00c7\u00c3O:\u00a0<\/b><\/span><\/h4>\n<h4 style=\"text-align: center;\"><span id=\"ATENCAO_Durante_as_medidas_de_contingencia_do_COVID-19_o_atendimento_presencial_so_sera_feito_entre_as_0900_e_as_1300_e_em_condicoes_especificas_Entre_as_1400_e_as_1800_o_atendimento_sera_apenas_feito_por_telefone_ou_e-mail\" class=\"ez-toc-section\" style=\"color: #ff0000;\">Devido \u00e0s medidas de conting\u00eancia do COVID-19, a<strong> sede da APOIAR est\u00e1 encerrada<\/strong> e o atendimento presencial <strong>est\u00e1 suspenso<\/strong>. <\/span><\/h4>\n<h4 style=\"text-align: center;\"><span id=\"ATENCAO_Durante_as_medidas_de_contingencia_do_COVID-19_o_atendimento_presencial_so_sera_feito_entre_as_0900_e_as_1300_e_em_condicoes_especificas_Entre_as_1400_e_as_1800_o_atendimento_sera_apenas_feito_por_telefone_ou_e-mail\" class=\"ez-toc-section\" style=\"color: #ff0000;\">Durante o Estado de Emerg\u00eancia nosso atendimento <b>ser\u00e1 apenas feito por telefone ou e-mail.<\/b><\/span><\/h4>\n<h4 style=\"text-align: center;\"><strong>09:00 - 13-00 e 14:00<\/strong> -\u00a0<strong>18:00\u00a0<\/strong><\/h4>\n<div class=\"siteorigin-widget-tinymce textwidget\">\n<h4 style=\"text-align: center;\"><span id=\"213_808_000\" class=\"ez-toc-section\"><strong>213 808 000<\/strong><\/span><\/h4>\n<h4 style=\"text-align: center;\"><span id=\"213_808_000\" class=\"ez-toc-section\"> <\/span><span id=\"961_953_963\" class=\"ez-toc-section\"><strong>961 953 963\u00a0<\/strong><\/span><\/h4>\n<div class=\"siteorigin-widget-tinymce textwidget\">\n<h4 style=\"text-align: center;\"><span id=\"apoiarstressdeguerragmailcom\" class=\"ez-toc-section\"><a href=\"mailto:apoiar.stressdeguerra@gmail.com\"><strong>apoiar.stressdeguerra@gmail.com<\/strong><\/a><\/span><\/h4>\n<\/div>\n<\/div>\n<h5>\u00a0<\/h5>\n<\/div>\n<\/div><\/div><\/div><\/div><\/div>","protected":false},"excerpt":{"rendered":"<p>Caros associados e utentes.A Associa\u00e7\u00e3o APOIAR ir\u00e1, sem outra evolu\u00e7\u00e3o do estado de alerta decretado pelo governo, manter o seu funcionamento e atendimento ao p\u00fablico com as limita\u00e7\u00f5es necess\u00e1rias. De acordo com as recomenda\u00e7\u00f5es da Direc\u00e7\u00e3o Geral de Sa\u00fade, a APOIAR implementou um plano de conting\u00eancia de modo a poder continuar a funcionar de modo <a class=\"read-more\" href=\"https:\/\/apoiar-stressdeguerra.com\/pt\/2020\/03\/16\/funcionamento-da-apoiar-estado-alerta-do-corona-virus\/\">Leia mais<\/a><\/p>\n","protected":false},"author":1,"featured_media":0,"comment_status":"open","ping_status":"open","sticky":false,"template":"","format":"standard","meta":{"_uf_show_specific_survey":0,"_uf_disable_surveys":false,"footnotes":""},"categories":[18],"tags":[45,69],"class_list":["post-1405","post","type-post","status-publish","format-standard","hentry","category-noticias","tag-apoiar","tag-associativismo"],"yoast_head":"<!-- This site is optimized with the Yoast SEO plugin v26.8 - https:\/\/yoast.com\/product\/yoast-seo-wordpress\/ -->\n<title>FUNCIONAMENTO DA APOIAR DURANTE O ESTADO DE ALERTA\u00a0 DO CORONA V\u00cdRUS - APOIAR<\/title>\n<meta name=\"robots\" content=\"index, follow, max-snippet:-1, max-image-preview:large, max-video-preview:-1\" \/>\n<link rel=\"canonical\" href=\"https:\/\/apoiar-stressdeguerra.com\/pt\/2020\/03\/16\/funcionamento-da-apoiar-estado-alerta-do-corona-virus\/\" \/>\n<meta property=\"og:locale\" content=\"pt_PT\" \/>\n<meta property=\"og:type\" content=\"article\" \/>\n<meta property=\"og:title\" content=\"FUNCIONAMENTO DA APOIAR DURANTE O ESTADO DE ALERTA\u00a0 DO CORONA V\u00cdRUS - APOIAR\" \/>\n<meta property=\"og:description\" content=\"Caros associados e utentes.A Associa\u00e7\u00e3o APOIAR ir\u00e1, sem outra evolu\u00e7\u00e3o do estado de alerta decretado pelo governo, manter o seu funcionamento e atendimento ao p\u00fablico com as limita\u00e7\u00f5es necess\u00e1rias. De acordo com as recomenda\u00e7\u00f5es da Direc\u00e7\u00e3o Geral de Sa\u00fade, a APOIAR implementou um plano de conting\u00eancia de modo a poder continuar a funcionar de modo Leia mais\" \/>\n<meta property=\"og:url\" content=\"https:\/\/apoiar-stressdeguerra.com\/pt\/2020\/03\/16\/funcionamento-da-apoiar-estado-alerta-do-corona-virus\/\" \/>\n<meta property=\"og:site_name\" content=\"APOIAR\" \/>\n<meta property=\"article:publisher\" content=\"https:\/\/www.facebook.com\/stressdeguerraapoiar\/\" \/>\n<meta property=\"article:published_time\" content=\"2020-03-16T16:28:39+00:00\" \/>\n<meta property=\"article:modified_time\" content=\"2020-03-19T15:02:06+00:00\" \/>\n<meta property=\"og:image\" content=\"https:\/\/www.sns.gov.pt\/wp-content\/uploads\/2020\/03\/Banner-SNS-02-2.png\" \/>\n<meta name=\"author\" content=\"apoiar\" \/>\n<meta name=\"twitter:card\" content=\"summary_large_image\" \/>\n<meta name=\"twitter:creator\" content=\"@aapoiar\" \/>\n<meta name=\"twitter:site\" content=\"@aapoiar\" \/>\n<meta name=\"twitter:label1\" content=\"Escrito por\" \/>\n\t<meta name=\"twitter:data1\" content=\"apoiar\" \/>\n\t<meta name=\"twitter:label2\" content=\"Tempo estimado de leitura\" \/>\n\t<meta name=\"twitter:data2\" content=\"2 minutos\" \/>\n<script type=\"application\/ld+json\" class=\"yoast-schema-graph\">{\"@context\":\"https:\/\/schema.org\",\"@graph\":[{\"@type\":\"Article\",\"@id\":\"https:\/\/apoiar-stressdeguerra.com\/pt\/2020\/03\/16\/funcionamento-da-apoiar-estado-alerta-do-corona-virus\/#article\",\"isPartOf\":{\"@id\":\"https:\/\/apoiar-stressdeguerra.com\/pt\/2020\/03\/16\/funcionamento-da-apoiar-estado-alerta-do-corona-virus\/\"},\"author\":{\"name\":\"apoiar\",\"@id\":\"https:\/\/apoiar-stressdeguerra.com\/pt\/#\/schema\/person\/2a2075124c4f97ee5005d25282ae26ee\"},\"headline\":\"FUNCIONAMENTO DA APOIAR DURANTE O ESTADO DE ALERTA\u00a0 DO CORONA V\u00cdRUS\",\"datePublished\":\"2020-03-16T16:28:39+00:00\",\"dateModified\":\"2020-03-19T15:02:06+00:00\",\"mainEntityOfPage\":{\"@id\":\"https:\/\/apoiar-stressdeguerra.com\/pt\/2020\/03\/16\/funcionamento-da-apoiar-estado-alerta-do-corona-virus\/\"},\"wordCount\":452,\"commentCount\":0,\"publisher\":{\"@id\":\"https:\/\/apoiar-stressdeguerra.com\/pt\/#organization\"},\"image\":{\"@id\":\"https:\/\/apoiar-stressdeguerra.com\/pt\/2020\/03\/16\/funcionamento-da-apoiar-estado-alerta-do-corona-virus\/#primaryimage\"},\"thumbnailUrl\":\"https:\/\/www.sns.gov.pt\/wp-content\/uploads\/2020\/03\/Banner-SNS-02-2.png\",\"keywords\":[\"APOIAR\",\"Associativismo\"],\"articleSection\":[\"Not\u00edcias\"],\"inLanguage\":\"pt-PT\",\"potentialAction\":[{\"@type\":\"CommentAction\",\"name\":\"Comment\",\"target\":[\"https:\/\/apoiar-stressdeguerra.com\/pt\/2020\/03\/16\/funcionamento-da-apoiar-estado-alerta-do-corona-virus\/#respond\"]}]},{\"@type\":\"WebPage\",\"@id\":\"https:\/\/apoiar-stressdeguerra.com\/pt\/2020\/03\/16\/funcionamento-da-apoiar-estado-alerta-do-corona-virus\/\",\"url\":\"https:\/\/apoiar-stressdeguerra.com\/pt\/2020\/03\/16\/funcionamento-da-apoiar-estado-alerta-do-corona-virus\/\",\"name\":\"FUNCIONAMENTO DA APOIAR DURANTE O ESTADO DE ALERTA\u00a0 DO CORONA V\u00cdRUS - APOIAR\",\"isPartOf\":{\"@id\":\"https:\/\/apoiar-stressdeguerra.com\/pt\/#website\"},\"primaryImageOfPage\":{\"@id\":\"https:\/\/apoiar-stressdeguerra.com\/pt\/2020\/03\/16\/funcionamento-da-apoiar-estado-alerta-do-corona-virus\/#primaryimage\"},\"image\":{\"@id\":\"https:\/\/apoiar-stressdeguerra.com\/pt\/2020\/03\/16\/funcionamento-da-apoiar-estado-alerta-do-corona-virus\/#primaryimage\"},\"thumbnailUrl\":\"https:\/\/www.sns.gov.pt\/wp-content\/uploads\/2020\/03\/Banner-SNS-02-2.png\",\"datePublished\":\"2020-03-16T16:28:39+00:00\",\"dateModified\":\"2020-03-19T15:02:06+00:00\",\"breadcrumb\":{\"@id\":\"https:\/\/apoiar-stressdeguerra.com\/pt\/2020\/03\/16\/funcionamento-da-apoiar-estado-alerta-do-corona-virus\/#breadcrumb\"},\"inLanguage\":\"pt-PT\",\"potentialAction\":[{\"@type\":\"ReadAction\",\"target\":[\"https:\/\/apoiar-stressdeguerra.com\/pt\/2020\/03\/16\/funcionamento-da-apoiar-estado-alerta-do-corona-virus\/\"]}]},{\"@type\":\"ImageObject\",\"inLanguage\":\"pt-PT\",\"@id\":\"https:\/\/apoiar-stressdeguerra.com\/pt\/2020\/03\/16\/funcionamento-da-apoiar-estado-alerta-do-corona-virus\/#primaryimage\",\"url\":\"https:\/\/www.sns.gov.pt\/wp-content\/uploads\/2020\/03\/Banner-SNS-02-2.png\",\"contentUrl\":\"https:\/\/www.sns.gov.pt\/wp-content\/uploads\/2020\/03\/Banner-SNS-02-2.png\"},{\"@type\":\"BreadcrumbList\",\"@id\":\"https:\/\/apoiar-stressdeguerra.com\/pt\/2020\/03\/16\/funcionamento-da-apoiar-estado-alerta-do-corona-virus\/#breadcrumb\",\"itemListElement\":[{\"@type\":\"ListItem\",\"position\":1,\"name\":\"In\u00edcio\",\"item\":\"https:\/\/apoiar-stressdeguerra.com\/pt\/\"},{\"@type\":\"ListItem\",\"position\":2,\"name\":\"FUNCIONAMENTO DA APOIAR DURANTE O ESTADO DE ALERTA\u00a0 DO CORONA V\u00cdRUS\"}]},{\"@type\":\"WebSite\",\"@id\":\"https:\/\/apoiar-stressdeguerra.com\/pt\/#website\",\"url\":\"https:\/\/apoiar-stressdeguerra.com\/pt\/\",\"name\":\"APOIAR\",\"description\":\"Associa\u00e7\u00e3o de Apoio aos Ex-combatentes V\u00edtimas do Stress de Guerra.\",\"publisher\":{\"@id\":\"https:\/\/apoiar-stressdeguerra.com\/pt\/#organization\"},\"potentialAction\":[{\"@type\":\"SearchAction\",\"target\":{\"@type\":\"EntryPoint\",\"urlTemplate\":\"https:\/\/apoiar-stressdeguerra.com\/pt\/?s={search_term_string}\"},\"query-input\":{\"@type\":\"PropertyValueSpecification\",\"valueRequired\":true,\"valueName\":\"search_term_string\"}}],\"inLanguage\":\"pt-PT\"},{\"@type\":\"Organization\",\"@id\":\"https:\/\/apoiar-stressdeguerra.com\/pt\/#organization\",\"name\":\"APOIAR\",\"url\":\"https:\/\/apoiar-stressdeguerra.com\/pt\/\",\"logo\":{\"@type\":\"ImageObject\",\"inLanguage\":\"pt-PT\",\"@id\":\"https:\/\/apoiar-stressdeguerra.com\/pt\/#\/schema\/logo\/image\/\",\"url\":\"https:\/\/apoiar-stressdeguerra.com\/pt\/wp-content\/uploads\/2017\/03\/LOGO_tb_transparente.gif\",\"contentUrl\":\"https:\/\/apoiar-stressdeguerra.com\/pt\/wp-content\/uploads\/2017\/03\/LOGO_tb_transparente.gif\",\"width\":153,\"height\":59,\"caption\":\"APOIAR\"},\"image\":{\"@id\":\"https:\/\/apoiar-stressdeguerra.com\/pt\/#\/schema\/logo\/image\/\"},\"sameAs\":[\"https:\/\/www.facebook.com\/stressdeguerraapoiar\/\",\"https:\/\/x.com\/aapoiar\"]},{\"@type\":\"Person\",\"@id\":\"https:\/\/apoiar-stressdeguerra.com\/pt\/#\/schema\/person\/2a2075124c4f97ee5005d25282ae26ee\",\"name\":\"apoiar\",\"image\":{\"@type\":\"ImageObject\",\"inLanguage\":\"pt-PT\",\"@id\":\"https:\/\/apoiar-stressdeguerra.com\/pt\/#\/schema\/person\/image\/\",\"url\":\"https:\/\/secure.gravatar.com\/avatar\/ffa6c738212b72e4a4a5c378831188325983795de334672f7b3b222f864ffd8f?s=96&d=mm&r=g\",\"contentUrl\":\"https:\/\/secure.gravatar.com\/avatar\/ffa6c738212b72e4a4a5c378831188325983795de334672f7b3b222f864ffd8f?s=96&d=mm&r=g\",\"caption\":\"apoiar\"}}]}<\/script>\n<!-- \/ Yoast SEO plugin. -->","yoast_head_json":{"title":"FUNCIONAMENTO DA APOIAR DURANTE O ESTADO DE ALERTA\u00a0 DO CORONA V\u00cdRUS - APOIAR","robots":{"index":"index","follow":"follow","max-snippet":"max-snippet:-1","max-image-preview":"max-image-preview:large","max-video-preview":"max-video-preview:-1"},"canonical":"https:\/\/apoiar-stressdeguerra.com\/pt\/2020\/03\/16\/funcionamento-da-apoiar-estado-alerta-do-corona-virus\/","og_locale":"pt_PT","og_type":"article","og_title":"FUNCIONAMENTO DA APOIAR DURANTE O ESTADO DE ALERTA\u00a0 DO CORONA V\u00cdRUS - APOIAR","og_description":"Caros associados e utentes.A Associa\u00e7\u00e3o APOIAR ir\u00e1, sem outra evolu\u00e7\u00e3o do estado de alerta decretado pelo governo, manter o seu funcionamento e atendimento ao p\u00fablico com as limita\u00e7\u00f5es necess\u00e1rias. De acordo com as recomenda\u00e7\u00f5es da Direc\u00e7\u00e3o Geral de Sa\u00fade, a APOIAR implementou um plano de conting\u00eancia de modo a poder continuar a funcionar de modo Leia mais","og_url":"https:\/\/apoiar-stressdeguerra.com\/pt\/2020\/03\/16\/funcionamento-da-apoiar-estado-alerta-do-corona-virus\/","og_site_name":"APOIAR","article_publisher":"https:\/\/www.facebook.com\/stressdeguerraapoiar\/","article_published_time":"2020-03-16T16:28:39+00:00","article_modified_time":"2020-03-19T15:02:06+00:00","og_image":[{"url":"https:\/\/www.sns.gov.pt\/wp-content\/uploads\/2020\/03\/Banner-SNS-02-2.png","type":"","width":"","height":""}],"author":"apoiar","twitter_card":"summary_large_image","twitter_creator":"@aapoiar","twitter_site":"@aapoiar","twitter_misc":{"Escrito por":"apoiar","Tempo estimado de leitura":"2 minutos"},"schema":{"@context":"https:\/\/schema.org","@graph":[{"@type":"Article","@id":"https:\/\/apoiar-stressdeguerra.com\/pt\/2020\/03\/16\/funcionamento-da-apoiar-estado-alerta-do-corona-virus\/#article","isPartOf":{"@id":"https:\/\/apoiar-stressdeguerra.com\/pt\/2020\/03\/16\/funcionamento-da-apoiar-estado-alerta-do-corona-virus\/"},"author":{"name":"apoiar","@id":"https:\/\/apoiar-stressdeguerra.com\/pt\/#\/schema\/person\/2a2075124c4f97ee5005d25282ae26ee"},"headline":"FUNCIONAMENTO DA APOIAR DURANTE O ESTADO DE ALERTA\u00a0 DO CORONA V\u00cdRUS","datePublished":"2020-03-16T16:28:39+00:00","dateModified":"2020-03-19T15:02:06+00:00","mainEntityOfPage":{"@id":"https:\/\/apoiar-stressdeguerra.com\/pt\/2020\/03\/16\/funcionamento-da-apoiar-estado-alerta-do-corona-virus\/"},"wordCount":452,"commentCount":0,"publisher":{"@id":"https:\/\/apoiar-stressdeguerra.com\/pt\/#organization"},"image":{"@id":"https:\/\/apoiar-stressdeguerra.com\/pt\/2020\/03\/16\/funcionamento-da-apoiar-estado-alerta-do-corona-virus\/#primaryimage"},"thumbnailUrl":"https:\/\/www.sns.gov.pt\/wp-content\/uploads\/2020\/03\/Banner-SNS-02-2.png","keywords":["APOIAR","Associativismo"],"articleSection":["Not\u00edcias"],"inLanguage":"pt-PT","potentialAction":[{"@type":"CommentAction","name":"Comment","target":["https:\/\/apoiar-stressdeguerra.com\/pt\/2020\/03\/16\/funcionamento-da-apoiar-estado-alerta-do-corona-virus\/#respond"]}]},{"@type":"WebPage","@id":"https:\/\/apoiar-stressdeguerra.com\/pt\/2020\/03\/16\/funcionamento-da-apoiar-estado-alerta-do-corona-virus\/","url":"https:\/\/apoiar-stressdeguerra.com\/pt\/2020\/03\/16\/funcionamento-da-apoiar-estado-alerta-do-corona-virus\/","name":"FUNCIONAMENTO DA APOIAR DURANTE O ESTADO DE ALERTA\u00a0 DO CORONA V\u00cdRUS - APOIAR","isPartOf":{"@id":"https:\/\/apoiar-stressdeguerra.com\/pt\/#website"},"primaryImageOfPage":{"@id":"https:\/\/apoiar-stressdeguerra.com\/pt\/2020\/03\/16\/funcionamento-da-apoiar-estado-alerta-do-corona-virus\/#primaryimage"},"image":{"@id":"https:\/\/apoiar-stressdeguerra.com\/pt\/2020\/03\/16\/funcionamento-da-apoiar-estado-alerta-do-corona-virus\/#primaryimage"},"thumbnailUrl":"https:\/\/www.sns.gov.pt\/wp-content\/uploads\/2020\/03\/Banner-SNS-02-2.png","datePublished":"2020-03-16T16:28:39+00:00","dateModified":"2020-03-19T15:02:06+00:00","breadcrumb":{"@id":"https:\/\/apoiar-stressdeguerra.com\/pt\/2020\/03\/16\/funcionamento-da-apoiar-estado-alerta-do-corona-virus\/#breadcrumb"},"inLanguage":"pt-PT","potentialAction":[{"@type":"ReadAction","target":["https:\/\/apoiar-stressdeguerra.com\/pt\/2020\/03\/16\/funcionamento-da-apoiar-estado-alerta-do-corona-virus\/"]}]},{"@type":"ImageObject","inLanguage":"pt-PT","@id":"https:\/\/apoiar-stressdeguerra.com\/pt\/2020\/03\/16\/funcionamento-da-apoiar-estado-alerta-do-corona-virus\/#primaryimage","url":"https:\/\/www.sns.gov.pt\/wp-content\/uploads\/2020\/03\/Banner-SNS-02-2.png","contentUrl":"https:\/\/www.sns.gov.pt\/wp-content\/uploads\/2020\/03\/Banner-SNS-02-2.png"},{"@type":"BreadcrumbList","@id":"https:\/\/apoiar-stressdeguerra.com\/pt\/2020\/03\/16\/funcionamento-da-apoiar-estado-alerta-do-corona-virus\/#breadcrumb","itemListElement":[{"@type":"ListItem","position":1,"name":"In\u00edcio","item":"https:\/\/apoiar-stressdeguerra.com\/pt\/"},{"@type":"ListItem","position":2,"name":"FUNCIONAMENTO DA APOIAR DURANTE O ESTADO DE ALERTA\u00a0 DO CORONA V\u00cdRUS"}]},{"@type":"WebSite","@id":"https:\/\/apoiar-stressdeguerra.com\/pt\/#website","url":"https:\/\/apoiar-stressdeguerra.com\/pt\/","name":"APOIAR","description":"Associa\u00e7\u00e3o de Apoio aos Ex-combatentes V\u00edtimas do Stress de Guerra.","publisher":{"@id":"https:\/\/apoiar-stressdeguerra.com\/pt\/#organization"},"potentialAction":[{"@type":"SearchAction","target":{"@type":"EntryPoint","urlTemplate":"https:\/\/apoiar-stressdeguerra.com\/pt\/?s={search_term_string}"},"query-input":{"@type":"PropertyValueSpecification","valueRequired":true,"valueName":"search_term_string"}}],"inLanguage":"pt-PT"},{"@type":"Organization","@id":"https:\/\/apoiar-stressdeguerra.com\/pt\/#organization","name":"APOIAR","url":"https:\/\/apoiar-stressdeguerra.com\/pt\/","logo":{"@type":"ImageObject","inLanguage":"pt-PT","@id":"https:\/\/apoiar-stressdeguerra.com\/pt\/#\/schema\/logo\/image\/","url":"https:\/\/apoiar-stressdeguerra.com\/pt\/wp-content\/uploads\/2017\/03\/LOGO_tb_transparente.gif","contentUrl":"https:\/\/apoiar-stressdeguerra.com\/pt\/wp-content\/uploads\/2017\/03\/LOGO_tb_transparente.gif","width":153,"height":59,"caption":"APOIAR"},"image":{"@id":"https:\/\/apoiar-stressdeguerra.com\/pt\/#\/schema\/logo\/image\/"},"sameAs":["https:\/\/www.facebook.com\/stressdeguerraapoiar\/","https:\/\/x.com\/aapoiar"]},{"@type":"Person","@id":"https:\/\/apoiar-stressdeguerra.com\/pt\/#\/schema\/person\/2a2075124c4f97ee5005d25282ae26ee","name":"apoiar","image":{"@type":"ImageObject","inLanguage":"pt-PT","@id":"https:\/\/apoiar-stressdeguerra.com\/pt\/#\/schema\/person\/image\/","url":"https:\/\/secure.gravatar.com\/avatar\/ffa6c738212b72e4a4a5c378831188325983795de334672f7b3b222f864ffd8f?s=96&d=mm&r=g","contentUrl":"https:\/\/secure.gravatar.com\/avatar\/ffa6c738212b72e4a4a5c378831188325983795de334672f7b3b222f864ffd8f?s=96&d=mm&r=g","caption":"apoiar"}}]}},"_links":{"self":[{"href":"https:\/\/apoiar-stressdeguerra.com\/pt\/wp-json\/wp\/v2\/posts\/1405","targetHints":{"allow":["GET"]}}],"collection":[{"href":"https:\/\/apoiar-stressdeguerra.com\/pt\/wp-json\/wp\/v2\/posts"}],"about":[{"href":"https:\/\/apoiar-stressdeguerra.com\/pt\/wp-json\/wp\/v2\/types\/post"}],"author":[{"embeddable":true,"href":"https:\/\/apoiar-stressdeguerra.com\/pt\/wp-json\/wp\/v2\/users\/1"}],"replies":[{"embeddable":true,"href":"https:\/\/apoiar-stressdeguerra.com\/pt\/wp-json\/wp\/v2\/comments?post=1405"}],"version-history":[{"count":13,"href":"https:\/\/apoiar-stressdeguerra.com\/pt\/wp-json\/wp\/v2\/posts\/1405\/revisions"}],"predecessor-version":[{"id":1429,"href":"https:\/\/apoiar-stressdeguerra.com\/pt\/wp-json\/wp\/v2\/posts\/1405\/revisions\/1429"}],"wp:attachment":[{"href":"https:\/\/apoiar-stressdeguerra.com\/pt\/wp-json\/wp\/v2\/media?parent=1405"}],"wp:term":[{"taxonomy":"category","embeddable":true,"href":"https:\/\/apoiar-stressdeguerra.com\/pt\/wp-json\/wp\/v2\/categories?post=1405"},{"taxonomy":"post_tag","embeddable":true,"href":"https:\/\/apoiar-stressdeguerra.com\/pt\/wp-json\/wp\/v2\/tags?post=1405"}],"curies":[{"name":"wp","href":"https:\/\/api.w.org\/{rel}","templated":true}]}}