{"id":1564,"date":"2021-03-03T10:56:21","date_gmt":"2021-03-03T10:56:21","guid":{"rendered":"https:\/\/apoiar-stressdeguerra.com\/pt\/?p=1564"},"modified":"2021-03-03T10:56:21","modified_gmt":"2021-03-03T10:56:21","slug":"sessao-online-distancias-dia-8-marco-2021-1430","status":"publish","type":"post","link":"https:\/\/apoiar-stressdeguerra.com\/pt\/2021\/03\/03\/sessao-online-distancias-dia-8-marco-2021-1430\/","title":{"rendered":"SESS\u00c3O ONLINE &#8220;DIST\u00c2NCIAS&#8221; Dia 8 de Mar\u00e7o 2021, 14:30"},"content":{"rendered":"<h2><span style=\"color: #993366;\"><strong>Comemora\u00e7\u00f5es do Dia Internacional da Mulher na Associa\u00e7\u00e3o APOIAR<\/strong> <\/span><\/h2>\n<p>A Associa\u00e7\u00e3o APOIAR apesar de estar limitada na realiza\u00e7\u00e3o dos seus habituais eventos, n\u00e3o quer deixar de assinalar o Dia Internacional da Mulher num ano que se pretende de retoma.<\/p>\n<p>Para o efeito far\u00e1 uma sess\u00e3o virtual atrav\u00e9s da plataforma ZOOM com emiss\u00e3o em directo na sua p\u00e1gina de facebook e canal de youtube de uma conversa dedicada ao tema &#8220;Dist\u00e2ncias&#8221;.<\/p>\n<p>Num ano em que estamos obrigados a estar distantes uns dos outros a APOIAR recorda uma \u00e9poca em que essa dist\u00e2ncia era muito maior e sem a possibilidade de comunica\u00e7\u00e3o imediata tal como hoje existe.<\/p>\n<p>Durante a Guerra Colonial milhares de jovens casais e fam\u00edlias foram separados \u00e0 for\u00e7a e a \u00fanica maneira de mitigar essa dist\u00e2ncia era atrav\u00e9s de correspond\u00eancia.\u00a0Seja atrav\u00e9s de cartas escritas ou dos t\u00e3o famosos aerogramas.<\/p>\n<p>Para esta conversa a APOIAR convidou a escritora Joana Pontes, investigadora e historiadora, autora do livro &#8220;Sinais de Vida&#8221;, uma exaustiva recolha de correspond\u00eancia de guerra entre pessoas como n\u00f3s. Namorados,\u00a0casais, fam\u00edlias, separadas pela guerra que se juntavam atrav\u00e9s do que escreviam.<\/p>\n<p>Se desejar assistir pelo ZOOM, inscreva-se atrav\u00e9s desta liga\u00e7\u00e3o at\u00e9 dia 7 de mar\u00e7o e receber\u00e1 a liga\u00e7\u00e3o no e-mail atrav\u00e9s do qual se inscreveu.<\/p>\n<p><a href=\"https:\/\/forms.gle\/HkviaxLnfQU9LQ8p8\" target=\"_blank\" rel=\"noopener noreferrer\" data-saferedirecturl=\"https:\/\/www.google.com\/url?q=https:\/\/forms.gle\/HkviaxLnfQU9LQ8p8&amp;source=gmail&amp;ust=1614853706968000&amp;usg=AFQjCNENx_egOLsXmxKnSkqYxWxvw8JXDQ\" data-cke-saved-href=\"https:\/\/forms.gle\/HkviaxLnfQU9LQ8p8\">INSCRI\u00c7\u00c3O ZOOM<\/a><\/p>\n<p>Se desejar assistir atrav\u00e9s das nossas redes sociais siga uma das seguintes liga\u00e7\u00f5es no dia do evento<\/p>\n<p><a href=\"https:\/\/www.facebook.com\/stressdeguerraapoiar\/\" target=\"_blank\" rel=\"noopener noreferrer\" data-saferedirecturl=\"https:\/\/www.google.com\/url?q=https:\/\/www.facebook.com\/stressdeguerraapoiar\/&amp;source=gmail&amp;ust=1614853706968000&amp;usg=AFQjCNGFI_0CZzWaiEtPPJp96UZ1-JThNA\" data-cke-saved-href=\"https:\/\/www.facebook.com\/stressdeguerraapoiar\/\">FACEBOOK APOIAR<\/a><br \/>\n<a href=\"https:\/\/www.youtube.com\/channel\/UCrPxMp3p-PWx8534r_YKsVQ\" target=\"_blank\" rel=\"noopener noreferrer\" data-saferedirecturl=\"https:\/\/www.google.com\/url?q=https:\/\/www.youtube.com\/channel\/UCrPxMp3p-PWx8534r_YKsVQ&amp;source=gmail&amp;ust=1614853706969000&amp;usg=AFQjCNH_BJTlGJtmD1XR7FR8RJU8vrlEjg\" data-cke-saved-href=\"https:\/\/www.youtube.com\/channel\/UCrPxMp3p-PWx8534r_YKsVQ\">YOUTUBE APOIAR\u00a0<\/a><\/p>\n<p><img loading=\"lazy\" decoding=\"async\" class=\"alignnone size-large wp-image-1565\" src=\"https:\/\/apoiar-stressdeguerra.com\/pt\/wp-content\/uploads\/2021\/03\/Cartaz-Dist\u00e2ncias-724x1024.jpg\" alt=\"\" width=\"724\" height=\"1024\" srcset=\"https:\/\/apoiar-stressdeguerra.com\/pt\/wp-content\/uploads\/2021\/03\/Cartaz-Dist\u00e2ncias-724x1024.jpg 724w, https:\/\/apoiar-stressdeguerra.com\/pt\/wp-content\/uploads\/2021\/03\/Cartaz-Dist\u00e2ncias-212x300.jpg 212w, https:\/\/apoiar-stressdeguerra.com\/pt\/wp-content\/uploads\/2021\/03\/Cartaz-Dist\u00e2ncias-768x1086.jpg 768w, https:\/\/apoiar-stressdeguerra.com\/pt\/wp-content\/uploads\/2021\/03\/Cartaz-Dist\u00e2ncias-424x600.jpg 424w, https:\/\/apoiar-stressdeguerra.com\/pt\/wp-content\/uploads\/2021\/03\/Cartaz-Dist\u00e2ncias.jpg 1240w\" sizes=\"auto, (max-width: 724px) 100vw, 724px\" \/><\/p>\n","protected":false},"excerpt":{"rendered":"<p>Comemora\u00e7\u00f5es do Dia Internacional da Mulher na Associa\u00e7\u00e3o APOIAR A Associa\u00e7\u00e3o APOIAR apesar de estar limitada na realiza\u00e7\u00e3o dos seus habituais eventos, n\u00e3o quer deixar de assinalar o Dia Internacional da Mulher num ano que se pretende de retoma. Para o efeito far\u00e1 uma sess\u00e3o virtual atrav\u00e9s da plataforma ZOOM com emiss\u00e3o em directo na <a class=\"read-more\" href=\"https:\/\/apoiar-stressdeguerra.com\/pt\/2021\/03\/03\/sessao-online-distancias-dia-8-marco-2021-1430\/\">Leia mais<\/a><\/p>\n","protected":false},"author":1,"featured_media":0,"comment_status":"open","ping_status":"open","sticky":false,"template":"","format":"standard","meta":{"_uf_show_specific_survey":0,"_uf_disable_surveys":false,"footnotes":""},"categories":[10],"tags":[72,45,90,33,51,26],"class_list":["post-1564","post","type-post","status-publish","format-standard","hentry","category-eventos","tag-actividades","tag-apoiar","tag-dia-internacional-da-mulher","tag-guerra-colonial","tag-mulheres","tag-saude-mental"],"yoast_head":"<!-- This site is optimized with the Yoast SEO plugin v26.8 - https:\/\/yoast.com\/product\/yoast-seo-wordpress\/ -->\n<title>SESS\u00c3O ONLINE &quot;DIST\u00c2NCIAS&quot; Dia 8 de Mar\u00e7o 2021, 14:30 - APOIAR<\/title>\n<meta name=\"robots\" content=\"index, follow, max-snippet:-1, max-image-preview:large, max-video-preview:-1\" \/>\n<link rel=\"canonical\" href=\"https:\/\/apoiar-stressdeguerra.com\/pt\/2021\/03\/03\/sessao-online-distancias-dia-8-marco-2021-1430\/\" \/>\n<meta property=\"og:locale\" content=\"pt_PT\" \/>\n<meta property=\"og:type\" content=\"article\" \/>\n<meta property=\"og:title\" content=\"SESS\u00c3O ONLINE &quot;DIST\u00c2NCIAS&quot; Dia 8 de Mar\u00e7o 2021, 14:30 - APOIAR\" \/>\n<meta property=\"og:description\" content=\"Comemora\u00e7\u00f5es do Dia Internacional da Mulher na Associa\u00e7\u00e3o APOIAR A Associa\u00e7\u00e3o APOIAR apesar de estar limitada na realiza\u00e7\u00e3o dos seus habituais eventos, n\u00e3o quer deixar de assinalar o Dia Internacional da Mulher num ano que se pretende de retoma. Para o efeito far\u00e1 uma sess\u00e3o virtual atrav\u00e9s da plataforma ZOOM com emiss\u00e3o em directo na Leia mais\" \/>\n<meta property=\"og:url\" content=\"https:\/\/apoiar-stressdeguerra.com\/pt\/2021\/03\/03\/sessao-online-distancias-dia-8-marco-2021-1430\/\" \/>\n<meta property=\"og:site_name\" content=\"APOIAR\" \/>\n<meta property=\"article:publisher\" content=\"https:\/\/www.facebook.com\/stressdeguerraapoiar\/\" \/>\n<meta property=\"article:published_time\" content=\"2021-03-03T10:56:21+00:00\" \/>\n<meta name=\"author\" content=\"apoiar\" \/>\n<meta name=\"twitter:card\" content=\"summary_large_image\" \/>\n<meta name=\"twitter:creator\" content=\"@aapoiar\" \/>\n<meta name=\"twitter:site\" content=\"@aapoiar\" \/>\n<meta name=\"twitter:label1\" content=\"Escrito por\" \/>\n\t<meta name=\"twitter:data1\" content=\"apoiar\" \/>\n\t<meta name=\"twitter:label2\" content=\"Tempo estimado de leitura\" \/>\n\t<meta name=\"twitter:data2\" content=\"1 minuto\" \/>\n<script type=\"application\/ld+json\" class=\"yoast-schema-graph\">{\"@context\":\"https:\/\/schema.org\",\"@graph\":[{\"@type\":\"Article\",\"@id\":\"https:\/\/apoiar-stressdeguerra.com\/pt\/2021\/03\/03\/sessao-online-distancias-dia-8-marco-2021-1430\/#article\",\"isPartOf\":{\"@id\":\"https:\/\/apoiar-stressdeguerra.com\/pt\/2021\/03\/03\/sessao-online-distancias-dia-8-marco-2021-1430\/\"},\"author\":{\"name\":\"apoiar\",\"@id\":\"https:\/\/apoiar-stressdeguerra.com\/pt\/#\/schema\/person\/2a2075124c4f97ee5005d25282ae26ee\"},\"headline\":\"SESS\u00c3O ONLINE &#8220;DIST\u00c2NCIAS&#8221; Dia 8 de Mar\u00e7o 2021, 14:30\",\"datePublished\":\"2021-03-03T10:56:21+00:00\",\"mainEntityOfPage\":{\"@id\":\"https:\/\/apoiar-stressdeguerra.com\/pt\/2021\/03\/03\/sessao-online-distancias-dia-8-marco-2021-1430\/\"},\"wordCount\":270,\"commentCount\":2,\"publisher\":{\"@id\":\"https:\/\/apoiar-stressdeguerra.com\/pt\/#organization\"},\"keywords\":[\"Actividades\",\"APOIAR\",\"Dia Internacional da Mulher\",\"Guerra Colonial\",\"Mulheres\",\"Sa\u00fade Mental\"],\"articleSection\":[\"Eventos\"],\"inLanguage\":\"pt-PT\",\"potentialAction\":[{\"@type\":\"CommentAction\",\"name\":\"Comment\",\"target\":[\"https:\/\/apoiar-stressdeguerra.com\/pt\/2021\/03\/03\/sessao-online-distancias-dia-8-marco-2021-1430\/#respond\"]}]},{\"@type\":\"WebPage\",\"@id\":\"https:\/\/apoiar-stressdeguerra.com\/pt\/2021\/03\/03\/sessao-online-distancias-dia-8-marco-2021-1430\/\",\"url\":\"https:\/\/apoiar-stressdeguerra.com\/pt\/2021\/03\/03\/sessao-online-distancias-dia-8-marco-2021-1430\/\",\"name\":\"SESS\u00c3O ONLINE \\\"DIST\u00c2NCIAS\\\" Dia 8 de Mar\u00e7o 2021, 14:30 - APOIAR\",\"isPartOf\":{\"@id\":\"https:\/\/apoiar-stressdeguerra.com\/pt\/#website\"},\"datePublished\":\"2021-03-03T10:56:21+00:00\",\"breadcrumb\":{\"@id\":\"https:\/\/apoiar-stressdeguerra.com\/pt\/2021\/03\/03\/sessao-online-distancias-dia-8-marco-2021-1430\/#breadcrumb\"},\"inLanguage\":\"pt-PT\",\"potentialAction\":[{\"@type\":\"ReadAction\",\"target\":[\"https:\/\/apoiar-stressdeguerra.com\/pt\/2021\/03\/03\/sessao-online-distancias-dia-8-marco-2021-1430\/\"]}]},{\"@type\":\"BreadcrumbList\",\"@id\":\"https:\/\/apoiar-stressdeguerra.com\/pt\/2021\/03\/03\/sessao-online-distancias-dia-8-marco-2021-1430\/#breadcrumb\",\"itemListElement\":[{\"@type\":\"ListItem\",\"position\":1,\"name\":\"In\u00edcio\",\"item\":\"https:\/\/apoiar-stressdeguerra.com\/pt\/\"},{\"@type\":\"ListItem\",\"position\":2,\"name\":\"SESS\u00c3O ONLINE &#8220;DIST\u00c2NCIAS&#8221; Dia 8 de Mar\u00e7o 2021, 14:30\"}]},{\"@type\":\"WebSite\",\"@id\":\"https:\/\/apoiar-stressdeguerra.com\/pt\/#website\",\"url\":\"https:\/\/apoiar-stressdeguerra.com\/pt\/\",\"name\":\"APOIAR\",\"description\":\"Associa\u00e7\u00e3o de Apoio aos Ex-combatentes V\u00edtimas do Stress de Guerra.\",\"publisher\":{\"@id\":\"https:\/\/apoiar-stressdeguerra.com\/pt\/#organization\"},\"potentialAction\":[{\"@type\":\"SearchAction\",\"target\":{\"@type\":\"EntryPoint\",\"urlTemplate\":\"https:\/\/apoiar-stressdeguerra.com\/pt\/?s={search_term_string}\"},\"query-input\":{\"@type\":\"PropertyValueSpecification\",\"valueRequired\":true,\"valueName\":\"search_term_string\"}}],\"inLanguage\":\"pt-PT\"},{\"@type\":\"Organization\",\"@id\":\"https:\/\/apoiar-stressdeguerra.com\/pt\/#organization\",\"name\":\"APOIAR\",\"url\":\"https:\/\/apoiar-stressdeguerra.com\/pt\/\",\"logo\":{\"@type\":\"ImageObject\",\"inLanguage\":\"pt-PT\",\"@id\":\"https:\/\/apoiar-stressdeguerra.com\/pt\/#\/schema\/logo\/image\/\",\"url\":\"https:\/\/apoiar-stressdeguerra.com\/pt\/wp-content\/uploads\/2017\/03\/LOGO_tb_transparente.gif\",\"contentUrl\":\"https:\/\/apoiar-stressdeguerra.com\/pt\/wp-content\/uploads\/2017\/03\/LOGO_tb_transparente.gif\",\"width\":153,\"height\":59,\"caption\":\"APOIAR\"},\"image\":{\"@id\":\"https:\/\/apoiar-stressdeguerra.com\/pt\/#\/schema\/logo\/image\/\"},\"sameAs\":[\"https:\/\/www.facebook.com\/stressdeguerraapoiar\/\",\"https:\/\/x.com\/aapoiar\"]},{\"@type\":\"Person\",\"@id\":\"https:\/\/apoiar-stressdeguerra.com\/pt\/#\/schema\/person\/2a2075124c4f97ee5005d25282ae26ee\",\"name\":\"apoiar\",\"image\":{\"@type\":\"ImageObject\",\"inLanguage\":\"pt-PT\",\"@id\":\"https:\/\/apoiar-stressdeguerra.com\/pt\/#\/schema\/person\/image\/\",\"url\":\"https:\/\/secure.gravatar.com\/avatar\/ffa6c738212b72e4a4a5c378831188325983795de334672f7b3b222f864ffd8f?s=96&d=mm&r=g\",\"contentUrl\":\"https:\/\/secure.gravatar.com\/avatar\/ffa6c738212b72e4a4a5c378831188325983795de334672f7b3b222f864ffd8f?s=96&d=mm&r=g\",\"caption\":\"apoiar\"}}]}<\/script>\n<!-- \/ Yoast SEO plugin. -->","yoast_head_json":{"title":"SESS\u00c3O ONLINE \"DIST\u00c2NCIAS\" Dia 8 de Mar\u00e7o 2021, 14:30 - APOIAR","robots":{"index":"index","follow":"follow","max-snippet":"max-snippet:-1","max-image-preview":"max-image-preview:large","max-video-preview":"max-video-preview:-1"},"canonical":"https:\/\/apoiar-stressdeguerra.com\/pt\/2021\/03\/03\/sessao-online-distancias-dia-8-marco-2021-1430\/","og_locale":"pt_PT","og_type":"article","og_title":"SESS\u00c3O ONLINE \"DIST\u00c2NCIAS\" Dia 8 de Mar\u00e7o 2021, 14:30 - APOIAR","og_description":"Comemora\u00e7\u00f5es do Dia Internacional da Mulher na Associa\u00e7\u00e3o APOIAR A Associa\u00e7\u00e3o APOIAR apesar de estar limitada na realiza\u00e7\u00e3o dos seus habituais eventos, n\u00e3o quer deixar de assinalar o Dia Internacional da Mulher num ano que se pretende de retoma. Para o efeito far\u00e1 uma sess\u00e3o virtual atrav\u00e9s da plataforma ZOOM com emiss\u00e3o em directo na Leia mais","og_url":"https:\/\/apoiar-stressdeguerra.com\/pt\/2021\/03\/03\/sessao-online-distancias-dia-8-marco-2021-1430\/","og_site_name":"APOIAR","article_publisher":"https:\/\/www.facebook.com\/stressdeguerraapoiar\/","article_published_time":"2021-03-03T10:56:21+00:00","author":"apoiar","twitter_card":"summary_large_image","twitter_creator":"@aapoiar","twitter_site":"@aapoiar","twitter_misc":{"Escrito por":"apoiar","Tempo estimado de leitura":"1 minuto"},"schema":{"@context":"https:\/\/schema.org","@graph":[{"@type":"Article","@id":"https:\/\/apoiar-stressdeguerra.com\/pt\/2021\/03\/03\/sessao-online-distancias-dia-8-marco-2021-1430\/#article","isPartOf":{"@id":"https:\/\/apoiar-stressdeguerra.com\/pt\/2021\/03\/03\/sessao-online-distancias-dia-8-marco-2021-1430\/"},"author":{"name":"apoiar","@id":"https:\/\/apoiar-stressdeguerra.com\/pt\/#\/schema\/person\/2a2075124c4f97ee5005d25282ae26ee"},"headline":"SESS\u00c3O ONLINE &#8220;DIST\u00c2NCIAS&#8221; Dia 8 de Mar\u00e7o 2021, 14:30","datePublished":"2021-03-03T10:56:21+00:00","mainEntityOfPage":{"@id":"https:\/\/apoiar-stressdeguerra.com\/pt\/2021\/03\/03\/sessao-online-distancias-dia-8-marco-2021-1430\/"},"wordCount":270,"commentCount":2,"publisher":{"@id":"https:\/\/apoiar-stressdeguerra.com\/pt\/#organization"},"keywords":["Actividades","APOIAR","Dia Internacional da Mulher","Guerra Colonial","Mulheres","Sa\u00fade Mental"],"articleSection":["Eventos"],"inLanguage":"pt-PT","potentialAction":[{"@type":"CommentAction","name":"Comment","target":["https:\/\/apoiar-stressdeguerra.com\/pt\/2021\/03\/03\/sessao-online-distancias-dia-8-marco-2021-1430\/#respond"]}]},{"@type":"WebPage","@id":"https:\/\/apoiar-stressdeguerra.com\/pt\/2021\/03\/03\/sessao-online-distancias-dia-8-marco-2021-1430\/","url":"https:\/\/apoiar-stressdeguerra.com\/pt\/2021\/03\/03\/sessao-online-distancias-dia-8-marco-2021-1430\/","name":"SESS\u00c3O ONLINE \"DIST\u00c2NCIAS\" Dia 8 de Mar\u00e7o 2021, 14:30 - APOIAR","isPartOf":{"@id":"https:\/\/apoiar-stressdeguerra.com\/pt\/#website"},"datePublished":"2021-03-03T10:56:21+00:00","breadcrumb":{"@id":"https:\/\/apoiar-stressdeguerra.com\/pt\/2021\/03\/03\/sessao-online-distancias-dia-8-marco-2021-1430\/#breadcrumb"},"inLanguage":"pt-PT","potentialAction":[{"@type":"ReadAction","target":["https:\/\/apoiar-stressdeguerra.com\/pt\/2021\/03\/03\/sessao-online-distancias-dia-8-marco-2021-1430\/"]}]},{"@type":"BreadcrumbList","@id":"https:\/\/apoiar-stressdeguerra.com\/pt\/2021\/03\/03\/sessao-online-distancias-dia-8-marco-2021-1430\/#breadcrumb","itemListElement":[{"@type":"ListItem","position":1,"name":"In\u00edcio","item":"https:\/\/apoiar-stressdeguerra.com\/pt\/"},{"@type":"ListItem","position":2,"name":"SESS\u00c3O ONLINE &#8220;DIST\u00c2NCIAS&#8221; Dia 8 de Mar\u00e7o 2021, 14:30"}]},{"@type":"WebSite","@id":"https:\/\/apoiar-stressdeguerra.com\/pt\/#website","url":"https:\/\/apoiar-stressdeguerra.com\/pt\/","name":"APOIAR","description":"Associa\u00e7\u00e3o de Apoio aos Ex-combatentes V\u00edtimas do Stress de Guerra.","publisher":{"@id":"https:\/\/apoiar-stressdeguerra.com\/pt\/#organization"},"potentialAction":[{"@type":"SearchAction","target":{"@type":"EntryPoint","urlTemplate":"https:\/\/apoiar-stressdeguerra.com\/pt\/?s={search_term_string}"},"query-input":{"@type":"PropertyValueSpecification","valueRequired":true,"valueName":"search_term_string"}}],"inLanguage":"pt-PT"},{"@type":"Organization","@id":"https:\/\/apoiar-stressdeguerra.com\/pt\/#organization","name":"APOIAR","url":"https:\/\/apoiar-stressdeguerra.com\/pt\/","logo":{"@type":"ImageObject","inLanguage":"pt-PT","@id":"https:\/\/apoiar-stressdeguerra.com\/pt\/#\/schema\/logo\/image\/","url":"https:\/\/apoiar-stressdeguerra.com\/pt\/wp-content\/uploads\/2017\/03\/LOGO_tb_transparente.gif","contentUrl":"https:\/\/apoiar-stressdeguerra.com\/pt\/wp-content\/uploads\/2017\/03\/LOGO_tb_transparente.gif","width":153,"height":59,"caption":"APOIAR"},"image":{"@id":"https:\/\/apoiar-stressdeguerra.com\/pt\/#\/schema\/logo\/image\/"},"sameAs":["https:\/\/www.facebook.com\/stressdeguerraapoiar\/","https:\/\/x.com\/aapoiar"]},{"@type":"Person","@id":"https:\/\/apoiar-stressdeguerra.com\/pt\/#\/schema\/person\/2a2075124c4f97ee5005d25282ae26ee","name":"apoiar","image":{"@type":"ImageObject","inLanguage":"pt-PT","@id":"https:\/\/apoiar-stressdeguerra.com\/pt\/#\/schema\/person\/image\/","url":"https:\/\/secure.gravatar.com\/avatar\/ffa6c738212b72e4a4a5c378831188325983795de334672f7b3b222f864ffd8f?s=96&d=mm&r=g","contentUrl":"https:\/\/secure.gravatar.com\/avatar\/ffa6c738212b72e4a4a5c378831188325983795de334672f7b3b222f864ffd8f?s=96&d=mm&r=g","caption":"apoiar"}}]}},"_links":{"self":[{"href":"https:\/\/apoiar-stressdeguerra.com\/pt\/wp-json\/wp\/v2\/posts\/1564","targetHints":{"allow":["GET"]}}],"collection":[{"href":"https:\/\/apoiar-stressdeguerra.com\/pt\/wp-json\/wp\/v2\/posts"}],"about":[{"href":"https:\/\/apoiar-stressdeguerra.com\/pt\/wp-json\/wp\/v2\/types\/post"}],"author":[{"embeddable":true,"href":"https:\/\/apoiar-stressdeguerra.com\/pt\/wp-json\/wp\/v2\/users\/1"}],"replies":[{"embeddable":true,"href":"https:\/\/apoiar-stressdeguerra.com\/pt\/wp-json\/wp\/v2\/comments?post=1564"}],"version-history":[{"count":1,"href":"https:\/\/apoiar-stressdeguerra.com\/pt\/wp-json\/wp\/v2\/posts\/1564\/revisions"}],"predecessor-version":[{"id":1566,"href":"https:\/\/apoiar-stressdeguerra.com\/pt\/wp-json\/wp\/v2\/posts\/1564\/revisions\/1566"}],"wp:attachment":[{"href":"https:\/\/apoiar-stressdeguerra.com\/pt\/wp-json\/wp\/v2\/media?parent=1564"}],"wp:term":[{"taxonomy":"category","embeddable":true,"href":"https:\/\/apoiar-stressdeguerra.com\/pt\/wp-json\/wp\/v2\/categories?post=1564"},{"taxonomy":"post_tag","embeddable":true,"href":"https:\/\/apoiar-stressdeguerra.com\/pt\/wp-json\/wp\/v2\/tags?post=1564"}],"curies":[{"name":"wp","href":"https:\/\/api.w.org\/{rel}","templated":true}]}}