{"id":1631,"date":"2021-08-04T11:25:14","date_gmt":"2021-08-04T11:25:14","guid":{"rendered":"https:\/\/apoiar-stressdeguerra.com\/pt\/?p=1631"},"modified":"2021-08-06T13:40:28","modified_gmt":"2021-08-06T13:40:28","slug":"media-destacam-ajuda-da-apoiar-relativamente-ao-cartao-antigo-combatente","status":"publish","type":"post","link":"https:\/\/apoiar-stressdeguerra.com\/pt\/2021\/08\/04\/media-destacam-ajuda-da-apoiar-relativamente-ao-cartao-antigo-combatente\/","title":{"rendered":"Media destacam ajuda da APOIAR relativamente ao Cart\u00e3o de Antigo Combatente"},"content":{"rendered":"<div id=\"pl-1631\"  class=\"panel-layout\" ><div id=\"pg-1631-0\"  class=\"panel-grid panel-no-style\" ><div id=\"pgc-1631-0-0\"  class=\"panel-grid-cell\" ><div id=\"panel-1631-0-0-0\" class=\"so-panel widget widget_sow-editor panel-first-child panel-last-child\" data-index=\"0\" ><div\n\t\t\t\n\t\t\tclass=\"so-widget-sow-editor so-widget-sow-editor-base\"\n\t\t\t\n\t\t>\n<div class=\"siteorigin-widget-tinymce textwidget\">\n\t<p>Um relato publicado no Jornal de Not\u00edcias dava conta de um ex-combatente no Porto que foi multado por ter apresentado o Cart\u00e3o de Antigo Combatente\u00a0 em vez do passe para andar neste transporte p\u00fablico.<\/p>\n<p>Instada a comentar pela RTP e pelo Jornal I a APOIAR alertou acerca do facto de muitos ex-combatentes tentarem pedir esclarecimentos sobre o Cart\u00e3o de Antigo Combatente ao Balc\u00e3o \u00danico da Defesa e este muitas vezes n\u00e3o estar a atender, o que os leva a contactarem a APOIAR para obter essas respostas.<\/p>\n<p>A estes \u00f3rg\u00e3os de comunica\u00e7\u00e3o social a APOIAR indicou que, apesar de n\u00e3o ser da sua responsabilidade ou \u00e2mbito directo, visto n\u00e3o poder esclarecer mais do que aquilo que \u00e9 p\u00fablico, tem tentado ao m\u00e1ximo informar as pessoas a perceberem os benef\u00edcios previstos no Estatuto do Antigo Combatente e se est\u00e3o ou n\u00e3o em vigor. Fez tamb\u00e9m um apelo a que este benef\u00edcio possa entrar em vigor o mais rapidamente poss\u00edvel. Estas not\u00edcias podem ser acedidas atrav\u00e9s do site da APOIAR.<\/p>\n<p><a href=\"https:\/\/www.rtp.pt\/play\/p8155\/e560191\/jornal-da-tarde\" target=\"_blank\" rel=\"noopener\"><strong>Jornal da Tarde da RTP dia 27\/07\/21 (Min 31:40)<\/strong><\/a><\/p>\n<p><a href=\"https:\/\/www.rtp.pt\/play\/p8155\/e560191\/jornal-da-tarde\" target=\"_blank\" rel=\"noopener\"><img loading=\"lazy\" decoding=\"async\" class=\"alignnone wp-image-1633\" src=\"https:\/\/apoiar-stressdeguerra.com\/pt\/wp-content\/uploads\/2021\/08\/apoiar-rtp-dia-27-o7-21-1024x536.jpg\" alt=\"\" width=\"567\" height=\"297\" srcset=\"https:\/\/apoiar-stressdeguerra.com\/pt\/wp-content\/uploads\/2021\/08\/apoiar-rtp-dia-27-o7-21-1024x536.jpg 1024w, https:\/\/apoiar-stressdeguerra.com\/pt\/wp-content\/uploads\/2021\/08\/apoiar-rtp-dia-27-o7-21-300x157.jpg 300w, https:\/\/apoiar-stressdeguerra.com\/pt\/wp-content\/uploads\/2021\/08\/apoiar-rtp-dia-27-o7-21-768x402.jpg 768w, https:\/\/apoiar-stressdeguerra.com\/pt\/wp-content\/uploads\/2021\/08\/apoiar-rtp-dia-27-o7-21-600x314.jpg 600w, https:\/\/apoiar-stressdeguerra.com\/pt\/wp-content\/uploads\/2021\/08\/apoiar-rtp-dia-27-o7-21.jpg 1176w\" sizes=\"auto, (max-width: 567px) 100vw, 567px\" \/><\/a><\/p>\n<p>\u00a0<\/p>\n<p><a href=\"https:\/\/ionline.sapo.pt\/artigo\/741923\/ex-combatentes-a-apoiar-tem-sido-uma-especie-de-call-center-do-ministerio-da-defesa-nacional?seccao=Portugal_i&amp;fbclid=IwAR0UXYP4Ahr-NTV5DwUkpaCV6QLZQA5dQLRInxIw6VuAtMw6bA0qPRkdoRc\" target=\"_blank\" rel=\"noopener\"><strong>Artigo no Jornal I 28\/07\/21<\/strong><\/a><\/p>\n<p><a href=\"https:\/\/ionline.sapo.pt\/artigo\/741923\/ex-combatentes-a-apoiar-tem-sido-uma-especie-de-call-center-do-ministerio-da-defesa-nacional?seccao=Portugal_i&amp;fbclid=IwAR0UXYP4Ahr-NTV5DwUkpaCV6QLZQA5dQLRInxIw6VuAtMw6bA0qPRkdoRc\" target=\"_blank\" rel=\"noopener\"><img loading=\"lazy\" decoding=\"async\" class=\"alignnone\" src=\"https:\/\/thumbs.web.sapo.io\/?pic=https:\/\/ia.imgs.sapo.pt\/02\/images\/e\/ea\/4089_ea0cbd3774a053fa9657967f4bdafe44.png&amp;W=1336&amp;H=1870&amp;delay_optim=1&amp;tv=2&amp;webp=1\" alt=\"\" width=\"563\" height=\"787\" \/><\/a><\/p>\n<\/div>\n<\/div><\/div><\/div><\/div><\/div>","protected":false},"excerpt":{"rendered":"<p>Um relato publicado no Jornal de Not\u00edcias dava conta de um ex-combatente no Porto que foi multado por ter apresentado o Cart\u00e3o de Antigo Combatente\u00a0 em vez do passe para andar neste transporte p\u00fablico.Instada a comentar pela RTP e pelo Jornal I a APOIAR alertou acerca do facto de muitos ex-combatentes tentarem pedir esclarecimentos sobre <a class=\"read-more\" href=\"https:\/\/apoiar-stressdeguerra.com\/pt\/2021\/08\/04\/media-destacam-ajuda-da-apoiar-relativamente-ao-cartao-antigo-combatente\/\">Leia mais<\/a><\/p>\n","protected":false},"author":1,"featured_media":0,"comment_status":"open","ping_status":"open","sticky":false,"template":"","format":"standard","meta":{"_uf_show_specific_survey":0,"_uf_disable_surveys":false,"footnotes":""},"categories":[46,18,66,65],"tags":[45,69,91,43,50],"class_list":["post-1631","post","type-post","status-publish","format-standard","hentry","category-arquivo-de-imprensa","category-noticias","category-recortes-de-imprensa","category-video","tag-apoiar","tag-associativismo","tag-cartao-antigo-combatente","tag-ex-combatentes","tag-ministerio-da-defesa"],"yoast_head":"<!-- This site is optimized with the Yoast SEO plugin v26.8 - https:\/\/yoast.com\/product\/yoast-seo-wordpress\/ -->\n<title>Media destacam ajuda da APOIAR relativamente ao Cart\u00e3o de Antigo Combatente - APOIAR<\/title>\n<meta name=\"robots\" content=\"index, follow, max-snippet:-1, max-image-preview:large, max-video-preview:-1\" \/>\n<link rel=\"canonical\" href=\"https:\/\/apoiar-stressdeguerra.com\/pt\/2021\/08\/04\/media-destacam-ajuda-da-apoiar-relativamente-ao-cartao-antigo-combatente\/\" \/>\n<meta property=\"og:locale\" content=\"pt_PT\" \/>\n<meta property=\"og:type\" content=\"article\" \/>\n<meta property=\"og:title\" content=\"Media destacam ajuda da APOIAR relativamente ao Cart\u00e3o de Antigo Combatente - APOIAR\" \/>\n<meta property=\"og:description\" content=\"Um relato publicado no Jornal de Not\u00edcias dava conta de um ex-combatente no Porto que foi multado por ter apresentado o Cart\u00e3o de Antigo Combatente\u00a0 em vez do passe para andar neste transporte p\u00fablico.Instada a comentar pela RTP e pelo Jornal I a APOIAR alertou acerca do facto de muitos ex-combatentes tentarem pedir esclarecimentos sobre Leia mais\" \/>\n<meta property=\"og:url\" content=\"https:\/\/apoiar-stressdeguerra.com\/pt\/2021\/08\/04\/media-destacam-ajuda-da-apoiar-relativamente-ao-cartao-antigo-combatente\/\" \/>\n<meta property=\"og:site_name\" content=\"APOIAR\" \/>\n<meta property=\"article:publisher\" content=\"https:\/\/www.facebook.com\/stressdeguerraapoiar\/\" \/>\n<meta property=\"article:published_time\" content=\"2021-08-04T11:25:14+00:00\" \/>\n<meta property=\"article:modified_time\" content=\"2021-08-06T13:40:28+00:00\" \/>\n<meta property=\"og:image\" content=\"https:\/\/apoiar-stressdeguerra.com\/pt\/wp-content\/uploads\/2021\/08\/apoiar-rtp-dia-27-o7-21.jpg\" \/>\n\t<meta property=\"og:image:width\" content=\"1176\" \/>\n\t<meta property=\"og:image:height\" content=\"615\" \/>\n\t<meta property=\"og:image:type\" content=\"image\/jpeg\" \/>\n<meta name=\"author\" content=\"apoiar\" \/>\n<meta name=\"twitter:card\" content=\"summary_large_image\" \/>\n<meta name=\"twitter:creator\" content=\"@aapoiar\" \/>\n<meta name=\"twitter:site\" content=\"@aapoiar\" \/>\n<meta name=\"twitter:label1\" content=\"Escrito por\" \/>\n\t<meta name=\"twitter:data1\" content=\"apoiar\" \/>\n\t<meta name=\"twitter:label2\" content=\"Tempo estimado de leitura\" \/>\n\t<meta name=\"twitter:data2\" content=\"1 minuto\" \/>\n<script type=\"application\/ld+json\" class=\"yoast-schema-graph\">{\"@context\":\"https:\/\/schema.org\",\"@graph\":[{\"@type\":\"Article\",\"@id\":\"https:\/\/apoiar-stressdeguerra.com\/pt\/2021\/08\/04\/media-destacam-ajuda-da-apoiar-relativamente-ao-cartao-antigo-combatente\/#article\",\"isPartOf\":{\"@id\":\"https:\/\/apoiar-stressdeguerra.com\/pt\/2021\/08\/04\/media-destacam-ajuda-da-apoiar-relativamente-ao-cartao-antigo-combatente\/\"},\"author\":{\"name\":\"apoiar\",\"@id\":\"https:\/\/apoiar-stressdeguerra.com\/pt\/#\/schema\/person\/2a2075124c4f97ee5005d25282ae26ee\"},\"headline\":\"Media destacam ajuda da APOIAR relativamente ao Cart\u00e3o de Antigo Combatente\",\"datePublished\":\"2021-08-04T11:25:14+00:00\",\"dateModified\":\"2021-08-06T13:40:28+00:00\",\"mainEntityOfPage\":{\"@id\":\"https:\/\/apoiar-stressdeguerra.com\/pt\/2021\/08\/04\/media-destacam-ajuda-da-apoiar-relativamente-ao-cartao-antigo-combatente\/\"},\"wordCount\":211,\"commentCount\":6,\"publisher\":{\"@id\":\"https:\/\/apoiar-stressdeguerra.com\/pt\/#organization\"},\"image\":{\"@id\":\"https:\/\/apoiar-stressdeguerra.com\/pt\/2021\/08\/04\/media-destacam-ajuda-da-apoiar-relativamente-ao-cartao-antigo-combatente\/#primaryimage\"},\"thumbnailUrl\":\"https:\/\/apoiar-stressdeguerra.com\/pt\/wp-content\/uploads\/2021\/08\/apoiar-rtp-dia-27-o7-21-1024x536.jpg\",\"keywords\":[\"APOIAR\",\"Associativismo\",\"Cart\u00e3o Antigo Combatente\",\"Ex-combatentes\",\"Minist\u00e9rio da Defesa\"],\"articleSection\":[\"Arquivo de Imprensa\",\"Not\u00edcias\",\"Recortes de Imprensa\",\"Video\"],\"inLanguage\":\"pt-PT\",\"potentialAction\":[{\"@type\":\"CommentAction\",\"name\":\"Comment\",\"target\":[\"https:\/\/apoiar-stressdeguerra.com\/pt\/2021\/08\/04\/media-destacam-ajuda-da-apoiar-relativamente-ao-cartao-antigo-combatente\/#respond\"]}]},{\"@type\":\"WebPage\",\"@id\":\"https:\/\/apoiar-stressdeguerra.com\/pt\/2021\/08\/04\/media-destacam-ajuda-da-apoiar-relativamente-ao-cartao-antigo-combatente\/\",\"url\":\"https:\/\/apoiar-stressdeguerra.com\/pt\/2021\/08\/04\/media-destacam-ajuda-da-apoiar-relativamente-ao-cartao-antigo-combatente\/\",\"name\":\"Media destacam ajuda da APOIAR relativamente ao Cart\u00e3o de Antigo Combatente - APOIAR\",\"isPartOf\":{\"@id\":\"https:\/\/apoiar-stressdeguerra.com\/pt\/#website\"},\"primaryImageOfPage\":{\"@id\":\"https:\/\/apoiar-stressdeguerra.com\/pt\/2021\/08\/04\/media-destacam-ajuda-da-apoiar-relativamente-ao-cartao-antigo-combatente\/#primaryimage\"},\"image\":{\"@id\":\"https:\/\/apoiar-stressdeguerra.com\/pt\/2021\/08\/04\/media-destacam-ajuda-da-apoiar-relativamente-ao-cartao-antigo-combatente\/#primaryimage\"},\"thumbnailUrl\":\"https:\/\/apoiar-stressdeguerra.com\/pt\/wp-content\/uploads\/2021\/08\/apoiar-rtp-dia-27-o7-21-1024x536.jpg\",\"datePublished\":\"2021-08-04T11:25:14+00:00\",\"dateModified\":\"2021-08-06T13:40:28+00:00\",\"breadcrumb\":{\"@id\":\"https:\/\/apoiar-stressdeguerra.com\/pt\/2021\/08\/04\/media-destacam-ajuda-da-apoiar-relativamente-ao-cartao-antigo-combatente\/#breadcrumb\"},\"inLanguage\":\"pt-PT\",\"potentialAction\":[{\"@type\":\"ReadAction\",\"target\":[\"https:\/\/apoiar-stressdeguerra.com\/pt\/2021\/08\/04\/media-destacam-ajuda-da-apoiar-relativamente-ao-cartao-antigo-combatente\/\"]}]},{\"@type\":\"ImageObject\",\"inLanguage\":\"pt-PT\",\"@id\":\"https:\/\/apoiar-stressdeguerra.com\/pt\/2021\/08\/04\/media-destacam-ajuda-da-apoiar-relativamente-ao-cartao-antigo-combatente\/#primaryimage\",\"url\":\"https:\/\/apoiar-stressdeguerra.com\/pt\/wp-content\/uploads\/2021\/08\/apoiar-rtp-dia-27-o7-21.jpg\",\"contentUrl\":\"https:\/\/apoiar-stressdeguerra.com\/pt\/wp-content\/uploads\/2021\/08\/apoiar-rtp-dia-27-o7-21.jpg\",\"width\":1176,\"height\":615},{\"@type\":\"BreadcrumbList\",\"@id\":\"https:\/\/apoiar-stressdeguerra.com\/pt\/2021\/08\/04\/media-destacam-ajuda-da-apoiar-relativamente-ao-cartao-antigo-combatente\/#breadcrumb\",\"itemListElement\":[{\"@type\":\"ListItem\",\"position\":1,\"name\":\"In\u00edcio\",\"item\":\"https:\/\/apoiar-stressdeguerra.com\/pt\/\"},{\"@type\":\"ListItem\",\"position\":2,\"name\":\"Media destacam ajuda da APOIAR relativamente ao Cart\u00e3o de Antigo Combatente\"}]},{\"@type\":\"WebSite\",\"@id\":\"https:\/\/apoiar-stressdeguerra.com\/pt\/#website\",\"url\":\"https:\/\/apoiar-stressdeguerra.com\/pt\/\",\"name\":\"APOIAR\",\"description\":\"Associa\u00e7\u00e3o de Apoio aos Ex-combatentes V\u00edtimas do Stress de Guerra.\",\"publisher\":{\"@id\":\"https:\/\/apoiar-stressdeguerra.com\/pt\/#organization\"},\"potentialAction\":[{\"@type\":\"SearchAction\",\"target\":{\"@type\":\"EntryPoint\",\"urlTemplate\":\"https:\/\/apoiar-stressdeguerra.com\/pt\/?s={search_term_string}\"},\"query-input\":{\"@type\":\"PropertyValueSpecification\",\"valueRequired\":true,\"valueName\":\"search_term_string\"}}],\"inLanguage\":\"pt-PT\"},{\"@type\":\"Organization\",\"@id\":\"https:\/\/apoiar-stressdeguerra.com\/pt\/#organization\",\"name\":\"APOIAR\",\"url\":\"https:\/\/apoiar-stressdeguerra.com\/pt\/\",\"logo\":{\"@type\":\"ImageObject\",\"inLanguage\":\"pt-PT\",\"@id\":\"https:\/\/apoiar-stressdeguerra.com\/pt\/#\/schema\/logo\/image\/\",\"url\":\"https:\/\/apoiar-stressdeguerra.com\/pt\/wp-content\/uploads\/2017\/03\/LOGO_tb_transparente.gif\",\"contentUrl\":\"https:\/\/apoiar-stressdeguerra.com\/pt\/wp-content\/uploads\/2017\/03\/LOGO_tb_transparente.gif\",\"width\":153,\"height\":59,\"caption\":\"APOIAR\"},\"image\":{\"@id\":\"https:\/\/apoiar-stressdeguerra.com\/pt\/#\/schema\/logo\/image\/\"},\"sameAs\":[\"https:\/\/www.facebook.com\/stressdeguerraapoiar\/\",\"https:\/\/x.com\/aapoiar\"]},{\"@type\":\"Person\",\"@id\":\"https:\/\/apoiar-stressdeguerra.com\/pt\/#\/schema\/person\/2a2075124c4f97ee5005d25282ae26ee\",\"name\":\"apoiar\",\"image\":{\"@type\":\"ImageObject\",\"inLanguage\":\"pt-PT\",\"@id\":\"https:\/\/apoiar-stressdeguerra.com\/pt\/#\/schema\/person\/image\/\",\"url\":\"https:\/\/secure.gravatar.com\/avatar\/ffa6c738212b72e4a4a5c378831188325983795de334672f7b3b222f864ffd8f?s=96&d=mm&r=g\",\"contentUrl\":\"https:\/\/secure.gravatar.com\/avatar\/ffa6c738212b72e4a4a5c378831188325983795de334672f7b3b222f864ffd8f?s=96&d=mm&r=g\",\"caption\":\"apoiar\"}}]}<\/script>\n<!-- \/ Yoast SEO plugin. -->","yoast_head_json":{"title":"Media destacam ajuda da APOIAR relativamente ao Cart\u00e3o de Antigo Combatente - APOIAR","robots":{"index":"index","follow":"follow","max-snippet":"max-snippet:-1","max-image-preview":"max-image-preview:large","max-video-preview":"max-video-preview:-1"},"canonical":"https:\/\/apoiar-stressdeguerra.com\/pt\/2021\/08\/04\/media-destacam-ajuda-da-apoiar-relativamente-ao-cartao-antigo-combatente\/","og_locale":"pt_PT","og_type":"article","og_title":"Media destacam ajuda da APOIAR relativamente ao Cart\u00e3o de Antigo Combatente - APOIAR","og_description":"Um relato publicado no Jornal de Not\u00edcias dava conta de um ex-combatente no Porto que foi multado por ter apresentado o Cart\u00e3o de Antigo Combatente\u00a0 em vez do passe para andar neste transporte p\u00fablico.Instada a comentar pela RTP e pelo Jornal I a APOIAR alertou acerca do facto de muitos ex-combatentes tentarem pedir esclarecimentos sobre Leia mais","og_url":"https:\/\/apoiar-stressdeguerra.com\/pt\/2021\/08\/04\/media-destacam-ajuda-da-apoiar-relativamente-ao-cartao-antigo-combatente\/","og_site_name":"APOIAR","article_publisher":"https:\/\/www.facebook.com\/stressdeguerraapoiar\/","article_published_time":"2021-08-04T11:25:14+00:00","article_modified_time":"2021-08-06T13:40:28+00:00","og_image":[{"width":1176,"height":615,"url":"https:\/\/apoiar-stressdeguerra.com\/pt\/wp-content\/uploads\/2021\/08\/apoiar-rtp-dia-27-o7-21.jpg","type":"image\/jpeg"}],"author":"apoiar","twitter_card":"summary_large_image","twitter_creator":"@aapoiar","twitter_site":"@aapoiar","twitter_misc":{"Escrito por":"apoiar","Tempo estimado de leitura":"1 minuto"},"schema":{"@context":"https:\/\/schema.org","@graph":[{"@type":"Article","@id":"https:\/\/apoiar-stressdeguerra.com\/pt\/2021\/08\/04\/media-destacam-ajuda-da-apoiar-relativamente-ao-cartao-antigo-combatente\/#article","isPartOf":{"@id":"https:\/\/apoiar-stressdeguerra.com\/pt\/2021\/08\/04\/media-destacam-ajuda-da-apoiar-relativamente-ao-cartao-antigo-combatente\/"},"author":{"name":"apoiar","@id":"https:\/\/apoiar-stressdeguerra.com\/pt\/#\/schema\/person\/2a2075124c4f97ee5005d25282ae26ee"},"headline":"Media destacam ajuda da APOIAR relativamente ao Cart\u00e3o de Antigo Combatente","datePublished":"2021-08-04T11:25:14+00:00","dateModified":"2021-08-06T13:40:28+00:00","mainEntityOfPage":{"@id":"https:\/\/apoiar-stressdeguerra.com\/pt\/2021\/08\/04\/media-destacam-ajuda-da-apoiar-relativamente-ao-cartao-antigo-combatente\/"},"wordCount":211,"commentCount":6,"publisher":{"@id":"https:\/\/apoiar-stressdeguerra.com\/pt\/#organization"},"image":{"@id":"https:\/\/apoiar-stressdeguerra.com\/pt\/2021\/08\/04\/media-destacam-ajuda-da-apoiar-relativamente-ao-cartao-antigo-combatente\/#primaryimage"},"thumbnailUrl":"https:\/\/apoiar-stressdeguerra.com\/pt\/wp-content\/uploads\/2021\/08\/apoiar-rtp-dia-27-o7-21-1024x536.jpg","keywords":["APOIAR","Associativismo","Cart\u00e3o Antigo Combatente","Ex-combatentes","Minist\u00e9rio da Defesa"],"articleSection":["Arquivo de Imprensa","Not\u00edcias","Recortes de Imprensa","Video"],"inLanguage":"pt-PT","potentialAction":[{"@type":"CommentAction","name":"Comment","target":["https:\/\/apoiar-stressdeguerra.com\/pt\/2021\/08\/04\/media-destacam-ajuda-da-apoiar-relativamente-ao-cartao-antigo-combatente\/#respond"]}]},{"@type":"WebPage","@id":"https:\/\/apoiar-stressdeguerra.com\/pt\/2021\/08\/04\/media-destacam-ajuda-da-apoiar-relativamente-ao-cartao-antigo-combatente\/","url":"https:\/\/apoiar-stressdeguerra.com\/pt\/2021\/08\/04\/media-destacam-ajuda-da-apoiar-relativamente-ao-cartao-antigo-combatente\/","name":"Media destacam ajuda da APOIAR relativamente ao Cart\u00e3o de Antigo Combatente - APOIAR","isPartOf":{"@id":"https:\/\/apoiar-stressdeguerra.com\/pt\/#website"},"primaryImageOfPage":{"@id":"https:\/\/apoiar-stressdeguerra.com\/pt\/2021\/08\/04\/media-destacam-ajuda-da-apoiar-relativamente-ao-cartao-antigo-combatente\/#primaryimage"},"image":{"@id":"https:\/\/apoiar-stressdeguerra.com\/pt\/2021\/08\/04\/media-destacam-ajuda-da-apoiar-relativamente-ao-cartao-antigo-combatente\/#primaryimage"},"thumbnailUrl":"https:\/\/apoiar-stressdeguerra.com\/pt\/wp-content\/uploads\/2021\/08\/apoiar-rtp-dia-27-o7-21-1024x536.jpg","datePublished":"2021-08-04T11:25:14+00:00","dateModified":"2021-08-06T13:40:28+00:00","breadcrumb":{"@id":"https:\/\/apoiar-stressdeguerra.com\/pt\/2021\/08\/04\/media-destacam-ajuda-da-apoiar-relativamente-ao-cartao-antigo-combatente\/#breadcrumb"},"inLanguage":"pt-PT","potentialAction":[{"@type":"ReadAction","target":["https:\/\/apoiar-stressdeguerra.com\/pt\/2021\/08\/04\/media-destacam-ajuda-da-apoiar-relativamente-ao-cartao-antigo-combatente\/"]}]},{"@type":"ImageObject","inLanguage":"pt-PT","@id":"https:\/\/apoiar-stressdeguerra.com\/pt\/2021\/08\/04\/media-destacam-ajuda-da-apoiar-relativamente-ao-cartao-antigo-combatente\/#primaryimage","url":"https:\/\/apoiar-stressdeguerra.com\/pt\/wp-content\/uploads\/2021\/08\/apoiar-rtp-dia-27-o7-21.jpg","contentUrl":"https:\/\/apoiar-stressdeguerra.com\/pt\/wp-content\/uploads\/2021\/08\/apoiar-rtp-dia-27-o7-21.jpg","width":1176,"height":615},{"@type":"BreadcrumbList","@id":"https:\/\/apoiar-stressdeguerra.com\/pt\/2021\/08\/04\/media-destacam-ajuda-da-apoiar-relativamente-ao-cartao-antigo-combatente\/#breadcrumb","itemListElement":[{"@type":"ListItem","position":1,"name":"In\u00edcio","item":"https:\/\/apoiar-stressdeguerra.com\/pt\/"},{"@type":"ListItem","position":2,"name":"Media destacam ajuda da APOIAR relativamente ao Cart\u00e3o de Antigo Combatente"}]},{"@type":"WebSite","@id":"https:\/\/apoiar-stressdeguerra.com\/pt\/#website","url":"https:\/\/apoiar-stressdeguerra.com\/pt\/","name":"APOIAR","description":"Associa\u00e7\u00e3o de Apoio aos Ex-combatentes V\u00edtimas do Stress de Guerra.","publisher":{"@id":"https:\/\/apoiar-stressdeguerra.com\/pt\/#organization"},"potentialAction":[{"@type":"SearchAction","target":{"@type":"EntryPoint","urlTemplate":"https:\/\/apoiar-stressdeguerra.com\/pt\/?s={search_term_string}"},"query-input":{"@type":"PropertyValueSpecification","valueRequired":true,"valueName":"search_term_string"}}],"inLanguage":"pt-PT"},{"@type":"Organization","@id":"https:\/\/apoiar-stressdeguerra.com\/pt\/#organization","name":"APOIAR","url":"https:\/\/apoiar-stressdeguerra.com\/pt\/","logo":{"@type":"ImageObject","inLanguage":"pt-PT","@id":"https:\/\/apoiar-stressdeguerra.com\/pt\/#\/schema\/logo\/image\/","url":"https:\/\/apoiar-stressdeguerra.com\/pt\/wp-content\/uploads\/2017\/03\/LOGO_tb_transparente.gif","contentUrl":"https:\/\/apoiar-stressdeguerra.com\/pt\/wp-content\/uploads\/2017\/03\/LOGO_tb_transparente.gif","width":153,"height":59,"caption":"APOIAR"},"image":{"@id":"https:\/\/apoiar-stressdeguerra.com\/pt\/#\/schema\/logo\/image\/"},"sameAs":["https:\/\/www.facebook.com\/stressdeguerraapoiar\/","https:\/\/x.com\/aapoiar"]},{"@type":"Person","@id":"https:\/\/apoiar-stressdeguerra.com\/pt\/#\/schema\/person\/2a2075124c4f97ee5005d25282ae26ee","name":"apoiar","image":{"@type":"ImageObject","inLanguage":"pt-PT","@id":"https:\/\/apoiar-stressdeguerra.com\/pt\/#\/schema\/person\/image\/","url":"https:\/\/secure.gravatar.com\/avatar\/ffa6c738212b72e4a4a5c378831188325983795de334672f7b3b222f864ffd8f?s=96&d=mm&r=g","contentUrl":"https:\/\/secure.gravatar.com\/avatar\/ffa6c738212b72e4a4a5c378831188325983795de334672f7b3b222f864ffd8f?s=96&d=mm&r=g","caption":"apoiar"}}]}},"_links":{"self":[{"href":"https:\/\/apoiar-stressdeguerra.com\/pt\/wp-json\/wp\/v2\/posts\/1631","targetHints":{"allow":["GET"]}}],"collection":[{"href":"https:\/\/apoiar-stressdeguerra.com\/pt\/wp-json\/wp\/v2\/posts"}],"about":[{"href":"https:\/\/apoiar-stressdeguerra.com\/pt\/wp-json\/wp\/v2\/types\/post"}],"author":[{"embeddable":true,"href":"https:\/\/apoiar-stressdeguerra.com\/pt\/wp-json\/wp\/v2\/users\/1"}],"replies":[{"embeddable":true,"href":"https:\/\/apoiar-stressdeguerra.com\/pt\/wp-json\/wp\/v2\/comments?post=1631"}],"version-history":[{"count":3,"href":"https:\/\/apoiar-stressdeguerra.com\/pt\/wp-json\/wp\/v2\/posts\/1631\/revisions"}],"predecessor-version":[{"id":1637,"href":"https:\/\/apoiar-stressdeguerra.com\/pt\/wp-json\/wp\/v2\/posts\/1631\/revisions\/1637"}],"wp:attachment":[{"href":"https:\/\/apoiar-stressdeguerra.com\/pt\/wp-json\/wp\/v2\/media?parent=1631"}],"wp:term":[{"taxonomy":"category","embeddable":true,"href":"https:\/\/apoiar-stressdeguerra.com\/pt\/wp-json\/wp\/v2\/categories?post=1631"},{"taxonomy":"post_tag","embeddable":true,"href":"https:\/\/apoiar-stressdeguerra.com\/pt\/wp-json\/wp\/v2\/tags?post=1631"}],"curies":[{"name":"wp","href":"https:\/\/api.w.org\/{rel}","templated":true}]}}