{"id":1715,"date":"2022-01-13T14:59:35","date_gmt":"2022-01-13T14:59:35","guid":{"rendered":"https:\/\/apoiar-stressdeguerra.com\/pt\/?p=1715"},"modified":"2022-01-13T14:59:35","modified_gmt":"2022-01-13T14:59:35","slug":"apoiar-na-radio-renascenca","status":"publish","type":"post","link":"https:\/\/apoiar-stressdeguerra.com\/pt\/2022\/01\/13\/apoiar-na-radio-renascenca\/","title":{"rendered":"APOIAR na R\u00e1dio Renascen\u00e7a"},"content":{"rendered":"<h4><span style=\"color: #333333;\"><strong>ANTIGOS COMBATENTES NA R\u00c1DIO<\/strong> O Estatuto do Antigo Combatente tem trazido de novo \u00e0 baila as v\u00e1rias quest\u00f5es relativas aos direitos dos antigos combatentes. Desta vez foi a R\u00e1dio renascen\u00e7a que abordou o assunto e convidou a APOIAR <b>[Por: Redac\u00e7\u00e3o]<\/b><\/span><\/h4>\n<figure style=\"width: 348px\" class=\"wp-caption alignright\"><a href=\"https:\/\/podtail.com\/pt-PT\/podcast\/renascenca-em-nome-da-lei\/ha-antigos-combatentes-a-receber-apenas-56-euros-p\/\" target=\"_blank\" rel=\"noopener noreferrer\"><img loading=\"lazy\" decoding=\"async\" src=\"https:\/\/is3-ssl.mzstatic.com\/image\/thumb\/Podcasts116\/v4\/4b\/be\/52\/4bbe527d-c4ad-cfaa-3e20-261c80689803\/mza_6937297806310735486.jpg\/1200x1200bb.jpg\" alt=\"\" width=\"348\" height=\"348\" \/><\/a><figcaption class=\"wp-caption-text\">Oi\u00e7a o programa aqui<\/figcaption><\/figure>\n<p>O programe de r\u00e1dio \u201cEm Nome da Lei\u201d vai para o ar na R\u00e1dio Renascen\u00e7a aos s\u00e1bados e aborda quest\u00f5es legais que enquadram os direitos dos portugueses. Num ano em que muito se tem falado no Estatuto do Combatente e o modo como os seus benef\u00edcios t\u00eam , ou n\u00e3o, entrado em vigor, a jornalista Marina Pimental abordou a APOIAR para que a sua jurista pudesse dar o contributo da sua experi\u00eancia com a legisla\u00e7\u00e3o que regula quer a Rede Nacional de Apoio que o Estatuto do Combatente e o contributo da APOIAR nesse processo.<\/p>\n<p>Isabel Estrela lembrou que o reconhecimento do Stress de Guerra para efeitos de qualifica\u00e7\u00e3o como Deficiente das For\u00e7as Armadas s\u00f3 aconteceu 20 anos depois da primeira lei que reconhece direitos aos DFA.<\/p>\n<p>Foi apenas em 1999 que a lei assumiu que os ex-combatentes com consequ\u00eancias psicol\u00f3gicas tinham direito a um reconhecimento como DFA pelo Estado.<\/p>\n<p>A advogada lembrou a morosidade dos processos que podem durar at\u00e9 14 anos e que muita dessa morosidade se deve \u00e0 tramita\u00e7\u00e3o dentro do Minist\u00e9rio da Defesa Nacional.<\/p>\n<p>Recordou a dificuldade que est\u00e1 inerente a processos de qualifica\u00e7\u00e3o como Deficiente das For\u00e7as Armadas por stress de guerra quando n\u00e3o existe uma sequela vis\u00edvel e quando grande parte do processo depende de testemunhas que presenciaram acontecimentos h\u00e1 mais de quatro d\u00e9cadas.<\/p>\n<p>A advogada na APOIAR voltou a saudar o facto de no Estatuto do Combatente reconhecer o direito das vi\u00favas dos ex-combatentes \u00e0 atribui\u00e7\u00e3o dos mesmos direitos previstos no estatuto, algo que \u00e9 reivindicado pela APOIAR praticamente desde o in\u00edcio da discuss\u00e3o sobre o Estatuto do combatente e at\u00e9 mesmo desde o in\u00edcio do debate dos direitos dos antigos combatentes em geral.<\/p>\n<p>No programa tamb\u00e9m participaram o Presidente da Direc\u00e7\u00e3o da Liga dos Combatentes, General Chito Rodrigues, o antigo Presidente da Direc\u00e7\u00e3o da ADFA Patoleia Mendes, que esteve presente na assinatura do Protocolo original da Rede Nacional de Apoio \u00e0s V\u00edtimas do Stress de Guerra, e Carlos Anuncia\u00e7\u00e3o, oficial do ex\u00e9rcito e psic\u00f3logo especialista em stress de guerra. Todos falaram acerca das dificuldades e longo caminho\u00a0 que tem sido o justo reconhecimento dos antigos combatente portugueses e dos seus direitos nestes \u00faltimos quarenta e cinco anos.<\/p>\n<p>&nbsp;<\/p>\n<p>O programa pode ser ouvido na \u00edntegra no nosso site ou em:<\/p>\n<p><a href=\"https:\/\/podtail.com\/pt-PT\/podcast\/renascenca-em-nome-da-lei\/ha-antigos-combatentes-a-receber-apenas-56-euros-p\/\" target=\"_blank\" rel=\"noopener noreferrer\">https:\/\/podtail.com\/pt-PT\/podcast\/renascenca-em-nome-da-lei\/ha-antigos-combatentes-a-receber-apenas-56-euros-p\/<\/a><\/p>\n<p>&nbsp;<\/p>\n","protected":false},"excerpt":{"rendered":"<p>ANTIGOS COMBATENTES NA R\u00c1DIO O Estatuto do Antigo Combatente tem trazido de novo \u00e0 baila as v\u00e1rias quest\u00f5es relativas aos direitos dos antigos combatentes. Desta vez foi a R\u00e1dio renascen\u00e7a que abordou o assunto e convidou a APOIAR [Por: Redac\u00e7\u00e3o] O programe de r\u00e1dio \u201cEm Nome da Lei\u201d vai para o ar na R\u00e1dio Renascen\u00e7a <a class=\"read-more\" href=\"https:\/\/apoiar-stressdeguerra.com\/pt\/2022\/01\/13\/apoiar-na-radio-renascenca\/\">Leia mais<\/a><\/p>\n","protected":false},"author":1,"featured_media":0,"comment_status":"open","ping_status":"open","sticky":false,"template":"","format":"standard","meta":{"_uf_show_specific_survey":0,"_uf_disable_surveys":false,"footnotes":""},"categories":[46,64],"tags":[45,95,92,43,33,19,40,50,15],"class_list":["post-1715","post","type-post","status-publish","format-standard","hentry","category-arquivo-de-imprensa","category-audio","tag-apoiar","tag-cartao-de-antigo-combatente","tag-estatuto-do-antigo-combatente","tag-ex-combatentes","tag-guerra-colonial","tag-imprensa","tag-legislacao","tag-ministerio-da-defesa","tag-stress-de-guerra"],"yoast_head":"<!-- This site is optimized with the Yoast SEO plugin v26.8 - https:\/\/yoast.com\/product\/yoast-seo-wordpress\/ -->\n<title>APOIAR na R\u00e1dio Renascen\u00e7a - APOIAR<\/title>\n<meta name=\"robots\" content=\"index, follow, max-snippet:-1, max-image-preview:large, max-video-preview:-1\" \/>\n<link rel=\"canonical\" href=\"https:\/\/apoiar-stressdeguerra.com\/pt\/2022\/01\/13\/apoiar-na-radio-renascenca\/\" \/>\n<meta property=\"og:locale\" content=\"pt_PT\" \/>\n<meta property=\"og:type\" content=\"article\" \/>\n<meta property=\"og:title\" content=\"APOIAR na R\u00e1dio Renascen\u00e7a - APOIAR\" \/>\n<meta property=\"og:description\" content=\"ANTIGOS COMBATENTES NA R\u00c1DIO O Estatuto do Antigo Combatente tem trazido de novo \u00e0 baila as v\u00e1rias quest\u00f5es relativas aos direitos dos antigos combatentes. Desta vez foi a R\u00e1dio renascen\u00e7a que abordou o assunto e convidou a APOIAR [Por: Redac\u00e7\u00e3o] O programe de r\u00e1dio \u201cEm Nome da Lei\u201d vai para o ar na R\u00e1dio Renascen\u00e7a Leia mais\" \/>\n<meta property=\"og:url\" content=\"https:\/\/apoiar-stressdeguerra.com\/pt\/2022\/01\/13\/apoiar-na-radio-renascenca\/\" \/>\n<meta property=\"og:site_name\" content=\"APOIAR\" \/>\n<meta property=\"article:publisher\" content=\"https:\/\/www.facebook.com\/stressdeguerraapoiar\/\" \/>\n<meta property=\"article:published_time\" content=\"2022-01-13T14:59:35+00:00\" \/>\n<meta property=\"og:image\" content=\"https:\/\/is3-ssl.mzstatic.com\/image\/thumb\/Podcasts116\/v4\/4b\/be\/52\/4bbe527d-c4ad-cfaa-3e20-261c80689803\/mza_6937297806310735486.jpg\/1200x1200bb.jpg\" \/>\n<meta name=\"author\" content=\"apoiar\" \/>\n<meta name=\"twitter:card\" content=\"summary_large_image\" \/>\n<meta name=\"twitter:creator\" content=\"@aapoiar\" \/>\n<meta name=\"twitter:site\" content=\"@aapoiar\" \/>\n<meta name=\"twitter:label1\" content=\"Escrito por\" \/>\n\t<meta name=\"twitter:data1\" content=\"apoiar\" \/>\n\t<meta name=\"twitter:label2\" content=\"Tempo estimado de leitura\" \/>\n\t<meta name=\"twitter:data2\" content=\"2 minutos\" \/>\n<script type=\"application\/ld+json\" class=\"yoast-schema-graph\">{\"@context\":\"https:\/\/schema.org\",\"@graph\":[{\"@type\":\"Article\",\"@id\":\"https:\/\/apoiar-stressdeguerra.com\/pt\/2022\/01\/13\/apoiar-na-radio-renascenca\/#article\",\"isPartOf\":{\"@id\":\"https:\/\/apoiar-stressdeguerra.com\/pt\/2022\/01\/13\/apoiar-na-radio-renascenca\/\"},\"author\":{\"name\":\"apoiar\",\"@id\":\"https:\/\/apoiar-stressdeguerra.com\/pt\/#\/schema\/person\/2a2075124c4f97ee5005d25282ae26ee\"},\"headline\":\"APOIAR na R\u00e1dio Renascen\u00e7a\",\"datePublished\":\"2022-01-13T14:59:35+00:00\",\"mainEntityOfPage\":{\"@id\":\"https:\/\/apoiar-stressdeguerra.com\/pt\/2022\/01\/13\/apoiar-na-radio-renascenca\/\"},\"wordCount\":475,\"commentCount\":0,\"publisher\":{\"@id\":\"https:\/\/apoiar-stressdeguerra.com\/pt\/#organization\"},\"image\":{\"@id\":\"https:\/\/apoiar-stressdeguerra.com\/pt\/2022\/01\/13\/apoiar-na-radio-renascenca\/#primaryimage\"},\"thumbnailUrl\":\"https:\/\/is3-ssl.mzstatic.com\/image\/thumb\/Podcasts116\/v4\/4b\/be\/52\/4bbe527d-c4ad-cfaa-3e20-261c80689803\/mza_6937297806310735486.jpg\/1200x1200bb.jpg\",\"keywords\":[\"APOIAR\",\"Cart\u00e3o de Antigo Combatente\",\"Estatuto do Antigo Combatente\",\"Ex-combatentes\",\"Guerra Colonial\",\"Imprensa\",\"Legisla\u00e7\u00e3o\",\"Minist\u00e9rio da Defesa\",\"Stress de Guerra\"],\"articleSection\":[\"Arquivo de Imprensa\",\"Audio\"],\"inLanguage\":\"pt-PT\",\"potentialAction\":[{\"@type\":\"CommentAction\",\"name\":\"Comment\",\"target\":[\"https:\/\/apoiar-stressdeguerra.com\/pt\/2022\/01\/13\/apoiar-na-radio-renascenca\/#respond\"]}]},{\"@type\":\"WebPage\",\"@id\":\"https:\/\/apoiar-stressdeguerra.com\/pt\/2022\/01\/13\/apoiar-na-radio-renascenca\/\",\"url\":\"https:\/\/apoiar-stressdeguerra.com\/pt\/2022\/01\/13\/apoiar-na-radio-renascenca\/\",\"name\":\"APOIAR na R\u00e1dio Renascen\u00e7a - APOIAR\",\"isPartOf\":{\"@id\":\"https:\/\/apoiar-stressdeguerra.com\/pt\/#website\"},\"primaryImageOfPage\":{\"@id\":\"https:\/\/apoiar-stressdeguerra.com\/pt\/2022\/01\/13\/apoiar-na-radio-renascenca\/#primaryimage\"},\"image\":{\"@id\":\"https:\/\/apoiar-stressdeguerra.com\/pt\/2022\/01\/13\/apoiar-na-radio-renascenca\/#primaryimage\"},\"thumbnailUrl\":\"https:\/\/is3-ssl.mzstatic.com\/image\/thumb\/Podcasts116\/v4\/4b\/be\/52\/4bbe527d-c4ad-cfaa-3e20-261c80689803\/mza_6937297806310735486.jpg\/1200x1200bb.jpg\",\"datePublished\":\"2022-01-13T14:59:35+00:00\",\"breadcrumb\":{\"@id\":\"https:\/\/apoiar-stressdeguerra.com\/pt\/2022\/01\/13\/apoiar-na-radio-renascenca\/#breadcrumb\"},\"inLanguage\":\"pt-PT\",\"potentialAction\":[{\"@type\":\"ReadAction\",\"target\":[\"https:\/\/apoiar-stressdeguerra.com\/pt\/2022\/01\/13\/apoiar-na-radio-renascenca\/\"]}]},{\"@type\":\"ImageObject\",\"inLanguage\":\"pt-PT\",\"@id\":\"https:\/\/apoiar-stressdeguerra.com\/pt\/2022\/01\/13\/apoiar-na-radio-renascenca\/#primaryimage\",\"url\":\"https:\/\/is3-ssl.mzstatic.com\/image\/thumb\/Podcasts116\/v4\/4b\/be\/52\/4bbe527d-c4ad-cfaa-3e20-261c80689803\/mza_6937297806310735486.jpg\/1200x1200bb.jpg\",\"contentUrl\":\"https:\/\/is3-ssl.mzstatic.com\/image\/thumb\/Podcasts116\/v4\/4b\/be\/52\/4bbe527d-c4ad-cfaa-3e20-261c80689803\/mza_6937297806310735486.jpg\/1200x1200bb.jpg\"},{\"@type\":\"BreadcrumbList\",\"@id\":\"https:\/\/apoiar-stressdeguerra.com\/pt\/2022\/01\/13\/apoiar-na-radio-renascenca\/#breadcrumb\",\"itemListElement\":[{\"@type\":\"ListItem\",\"position\":1,\"name\":\"In\u00edcio\",\"item\":\"https:\/\/apoiar-stressdeguerra.com\/pt\/\"},{\"@type\":\"ListItem\",\"position\":2,\"name\":\"APOIAR na R\u00e1dio Renascen\u00e7a\"}]},{\"@type\":\"WebSite\",\"@id\":\"https:\/\/apoiar-stressdeguerra.com\/pt\/#website\",\"url\":\"https:\/\/apoiar-stressdeguerra.com\/pt\/\",\"name\":\"APOIAR\",\"description\":\"Associa\u00e7\u00e3o de Apoio aos Ex-combatentes V\u00edtimas do Stress de Guerra.\",\"publisher\":{\"@id\":\"https:\/\/apoiar-stressdeguerra.com\/pt\/#organization\"},\"potentialAction\":[{\"@type\":\"SearchAction\",\"target\":{\"@type\":\"EntryPoint\",\"urlTemplate\":\"https:\/\/apoiar-stressdeguerra.com\/pt\/?s={search_term_string}\"},\"query-input\":{\"@type\":\"PropertyValueSpecification\",\"valueRequired\":true,\"valueName\":\"search_term_string\"}}],\"inLanguage\":\"pt-PT\"},{\"@type\":\"Organization\",\"@id\":\"https:\/\/apoiar-stressdeguerra.com\/pt\/#organization\",\"name\":\"APOIAR\",\"url\":\"https:\/\/apoiar-stressdeguerra.com\/pt\/\",\"logo\":{\"@type\":\"ImageObject\",\"inLanguage\":\"pt-PT\",\"@id\":\"https:\/\/apoiar-stressdeguerra.com\/pt\/#\/schema\/logo\/image\/\",\"url\":\"https:\/\/apoiar-stressdeguerra.com\/pt\/wp-content\/uploads\/2017\/03\/LOGO_tb_transparente.gif\",\"contentUrl\":\"https:\/\/apoiar-stressdeguerra.com\/pt\/wp-content\/uploads\/2017\/03\/LOGO_tb_transparente.gif\",\"width\":153,\"height\":59,\"caption\":\"APOIAR\"},\"image\":{\"@id\":\"https:\/\/apoiar-stressdeguerra.com\/pt\/#\/schema\/logo\/image\/\"},\"sameAs\":[\"https:\/\/www.facebook.com\/stressdeguerraapoiar\/\",\"https:\/\/x.com\/aapoiar\"]},{\"@type\":\"Person\",\"@id\":\"https:\/\/apoiar-stressdeguerra.com\/pt\/#\/schema\/person\/2a2075124c4f97ee5005d25282ae26ee\",\"name\":\"apoiar\",\"image\":{\"@type\":\"ImageObject\",\"inLanguage\":\"pt-PT\",\"@id\":\"https:\/\/apoiar-stressdeguerra.com\/pt\/#\/schema\/person\/image\/\",\"url\":\"https:\/\/secure.gravatar.com\/avatar\/ffa6c738212b72e4a4a5c378831188325983795de334672f7b3b222f864ffd8f?s=96&d=mm&r=g\",\"contentUrl\":\"https:\/\/secure.gravatar.com\/avatar\/ffa6c738212b72e4a4a5c378831188325983795de334672f7b3b222f864ffd8f?s=96&d=mm&r=g\",\"caption\":\"apoiar\"}}]}<\/script>\n<!-- \/ Yoast SEO plugin. -->","yoast_head_json":{"title":"APOIAR na R\u00e1dio Renascen\u00e7a - APOIAR","robots":{"index":"index","follow":"follow","max-snippet":"max-snippet:-1","max-image-preview":"max-image-preview:large","max-video-preview":"max-video-preview:-1"},"canonical":"https:\/\/apoiar-stressdeguerra.com\/pt\/2022\/01\/13\/apoiar-na-radio-renascenca\/","og_locale":"pt_PT","og_type":"article","og_title":"APOIAR na R\u00e1dio Renascen\u00e7a - APOIAR","og_description":"ANTIGOS COMBATENTES NA R\u00c1DIO O Estatuto do Antigo Combatente tem trazido de novo \u00e0 baila as v\u00e1rias quest\u00f5es relativas aos direitos dos antigos combatentes. Desta vez foi a R\u00e1dio renascen\u00e7a que abordou o assunto e convidou a APOIAR [Por: Redac\u00e7\u00e3o] O programe de r\u00e1dio \u201cEm Nome da Lei\u201d vai para o ar na R\u00e1dio Renascen\u00e7a Leia mais","og_url":"https:\/\/apoiar-stressdeguerra.com\/pt\/2022\/01\/13\/apoiar-na-radio-renascenca\/","og_site_name":"APOIAR","article_publisher":"https:\/\/www.facebook.com\/stressdeguerraapoiar\/","article_published_time":"2022-01-13T14:59:35+00:00","og_image":[{"url":"https:\/\/is3-ssl.mzstatic.com\/image\/thumb\/Podcasts116\/v4\/4b\/be\/52\/4bbe527d-c4ad-cfaa-3e20-261c80689803\/mza_6937297806310735486.jpg\/1200x1200bb.jpg","type":"","width":"","height":""}],"author":"apoiar","twitter_card":"summary_large_image","twitter_creator":"@aapoiar","twitter_site":"@aapoiar","twitter_misc":{"Escrito por":"apoiar","Tempo estimado de leitura":"2 minutos"},"schema":{"@context":"https:\/\/schema.org","@graph":[{"@type":"Article","@id":"https:\/\/apoiar-stressdeguerra.com\/pt\/2022\/01\/13\/apoiar-na-radio-renascenca\/#article","isPartOf":{"@id":"https:\/\/apoiar-stressdeguerra.com\/pt\/2022\/01\/13\/apoiar-na-radio-renascenca\/"},"author":{"name":"apoiar","@id":"https:\/\/apoiar-stressdeguerra.com\/pt\/#\/schema\/person\/2a2075124c4f97ee5005d25282ae26ee"},"headline":"APOIAR na R\u00e1dio Renascen\u00e7a","datePublished":"2022-01-13T14:59:35+00:00","mainEntityOfPage":{"@id":"https:\/\/apoiar-stressdeguerra.com\/pt\/2022\/01\/13\/apoiar-na-radio-renascenca\/"},"wordCount":475,"commentCount":0,"publisher":{"@id":"https:\/\/apoiar-stressdeguerra.com\/pt\/#organization"},"image":{"@id":"https:\/\/apoiar-stressdeguerra.com\/pt\/2022\/01\/13\/apoiar-na-radio-renascenca\/#primaryimage"},"thumbnailUrl":"https:\/\/is3-ssl.mzstatic.com\/image\/thumb\/Podcasts116\/v4\/4b\/be\/52\/4bbe527d-c4ad-cfaa-3e20-261c80689803\/mza_6937297806310735486.jpg\/1200x1200bb.jpg","keywords":["APOIAR","Cart\u00e3o de Antigo Combatente","Estatuto do Antigo Combatente","Ex-combatentes","Guerra Colonial","Imprensa","Legisla\u00e7\u00e3o","Minist\u00e9rio da Defesa","Stress de Guerra"],"articleSection":["Arquivo de Imprensa","Audio"],"inLanguage":"pt-PT","potentialAction":[{"@type":"CommentAction","name":"Comment","target":["https:\/\/apoiar-stressdeguerra.com\/pt\/2022\/01\/13\/apoiar-na-radio-renascenca\/#respond"]}]},{"@type":"WebPage","@id":"https:\/\/apoiar-stressdeguerra.com\/pt\/2022\/01\/13\/apoiar-na-radio-renascenca\/","url":"https:\/\/apoiar-stressdeguerra.com\/pt\/2022\/01\/13\/apoiar-na-radio-renascenca\/","name":"APOIAR na R\u00e1dio Renascen\u00e7a - APOIAR","isPartOf":{"@id":"https:\/\/apoiar-stressdeguerra.com\/pt\/#website"},"primaryImageOfPage":{"@id":"https:\/\/apoiar-stressdeguerra.com\/pt\/2022\/01\/13\/apoiar-na-radio-renascenca\/#primaryimage"},"image":{"@id":"https:\/\/apoiar-stressdeguerra.com\/pt\/2022\/01\/13\/apoiar-na-radio-renascenca\/#primaryimage"},"thumbnailUrl":"https:\/\/is3-ssl.mzstatic.com\/image\/thumb\/Podcasts116\/v4\/4b\/be\/52\/4bbe527d-c4ad-cfaa-3e20-261c80689803\/mza_6937297806310735486.jpg\/1200x1200bb.jpg","datePublished":"2022-01-13T14:59:35+00:00","breadcrumb":{"@id":"https:\/\/apoiar-stressdeguerra.com\/pt\/2022\/01\/13\/apoiar-na-radio-renascenca\/#breadcrumb"},"inLanguage":"pt-PT","potentialAction":[{"@type":"ReadAction","target":["https:\/\/apoiar-stressdeguerra.com\/pt\/2022\/01\/13\/apoiar-na-radio-renascenca\/"]}]},{"@type":"ImageObject","inLanguage":"pt-PT","@id":"https:\/\/apoiar-stressdeguerra.com\/pt\/2022\/01\/13\/apoiar-na-radio-renascenca\/#primaryimage","url":"https:\/\/is3-ssl.mzstatic.com\/image\/thumb\/Podcasts116\/v4\/4b\/be\/52\/4bbe527d-c4ad-cfaa-3e20-261c80689803\/mza_6937297806310735486.jpg\/1200x1200bb.jpg","contentUrl":"https:\/\/is3-ssl.mzstatic.com\/image\/thumb\/Podcasts116\/v4\/4b\/be\/52\/4bbe527d-c4ad-cfaa-3e20-261c80689803\/mza_6937297806310735486.jpg\/1200x1200bb.jpg"},{"@type":"BreadcrumbList","@id":"https:\/\/apoiar-stressdeguerra.com\/pt\/2022\/01\/13\/apoiar-na-radio-renascenca\/#breadcrumb","itemListElement":[{"@type":"ListItem","position":1,"name":"In\u00edcio","item":"https:\/\/apoiar-stressdeguerra.com\/pt\/"},{"@type":"ListItem","position":2,"name":"APOIAR na R\u00e1dio Renascen\u00e7a"}]},{"@type":"WebSite","@id":"https:\/\/apoiar-stressdeguerra.com\/pt\/#website","url":"https:\/\/apoiar-stressdeguerra.com\/pt\/","name":"APOIAR","description":"Associa\u00e7\u00e3o de Apoio aos Ex-combatentes V\u00edtimas do Stress de Guerra.","publisher":{"@id":"https:\/\/apoiar-stressdeguerra.com\/pt\/#organization"},"potentialAction":[{"@type":"SearchAction","target":{"@type":"EntryPoint","urlTemplate":"https:\/\/apoiar-stressdeguerra.com\/pt\/?s={search_term_string}"},"query-input":{"@type":"PropertyValueSpecification","valueRequired":true,"valueName":"search_term_string"}}],"inLanguage":"pt-PT"},{"@type":"Organization","@id":"https:\/\/apoiar-stressdeguerra.com\/pt\/#organization","name":"APOIAR","url":"https:\/\/apoiar-stressdeguerra.com\/pt\/","logo":{"@type":"ImageObject","inLanguage":"pt-PT","@id":"https:\/\/apoiar-stressdeguerra.com\/pt\/#\/schema\/logo\/image\/","url":"https:\/\/apoiar-stressdeguerra.com\/pt\/wp-content\/uploads\/2017\/03\/LOGO_tb_transparente.gif","contentUrl":"https:\/\/apoiar-stressdeguerra.com\/pt\/wp-content\/uploads\/2017\/03\/LOGO_tb_transparente.gif","width":153,"height":59,"caption":"APOIAR"},"image":{"@id":"https:\/\/apoiar-stressdeguerra.com\/pt\/#\/schema\/logo\/image\/"},"sameAs":["https:\/\/www.facebook.com\/stressdeguerraapoiar\/","https:\/\/x.com\/aapoiar"]},{"@type":"Person","@id":"https:\/\/apoiar-stressdeguerra.com\/pt\/#\/schema\/person\/2a2075124c4f97ee5005d25282ae26ee","name":"apoiar","image":{"@type":"ImageObject","inLanguage":"pt-PT","@id":"https:\/\/apoiar-stressdeguerra.com\/pt\/#\/schema\/person\/image\/","url":"https:\/\/secure.gravatar.com\/avatar\/ffa6c738212b72e4a4a5c378831188325983795de334672f7b3b222f864ffd8f?s=96&d=mm&r=g","contentUrl":"https:\/\/secure.gravatar.com\/avatar\/ffa6c738212b72e4a4a5c378831188325983795de334672f7b3b222f864ffd8f?s=96&d=mm&r=g","caption":"apoiar"}}]}},"_links":{"self":[{"href":"https:\/\/apoiar-stressdeguerra.com\/pt\/wp-json\/wp\/v2\/posts\/1715","targetHints":{"allow":["GET"]}}],"collection":[{"href":"https:\/\/apoiar-stressdeguerra.com\/pt\/wp-json\/wp\/v2\/posts"}],"about":[{"href":"https:\/\/apoiar-stressdeguerra.com\/pt\/wp-json\/wp\/v2\/types\/post"}],"author":[{"embeddable":true,"href":"https:\/\/apoiar-stressdeguerra.com\/pt\/wp-json\/wp\/v2\/users\/1"}],"replies":[{"embeddable":true,"href":"https:\/\/apoiar-stressdeguerra.com\/pt\/wp-json\/wp\/v2\/comments?post=1715"}],"version-history":[{"count":5,"href":"https:\/\/apoiar-stressdeguerra.com\/pt\/wp-json\/wp\/v2\/posts\/1715\/revisions"}],"predecessor-version":[{"id":1720,"href":"https:\/\/apoiar-stressdeguerra.com\/pt\/wp-json\/wp\/v2\/posts\/1715\/revisions\/1720"}],"wp:attachment":[{"href":"https:\/\/apoiar-stressdeguerra.com\/pt\/wp-json\/wp\/v2\/media?parent=1715"}],"wp:term":[{"taxonomy":"category","embeddable":true,"href":"https:\/\/apoiar-stressdeguerra.com\/pt\/wp-json\/wp\/v2\/categories?post=1715"},{"taxonomy":"post_tag","embeddable":true,"href":"https:\/\/apoiar-stressdeguerra.com\/pt\/wp-json\/wp\/v2\/tags?post=1715"}],"curies":[{"name":"wp","href":"https:\/\/api.w.org\/{rel}","templated":true}]}}