{"id":1728,"date":"2022-02-22T09:28:35","date_gmt":"2022-02-22T09:28:35","guid":{"rendered":"https:\/\/apoiar-stressdeguerra.com\/pt\/?p=1728"},"modified":"2022-02-23T09:42:13","modified_gmt":"2022-02-23T09:42:13","slug":"apoiar-no-canal-saude-2","status":"publish","type":"post","link":"https:\/\/apoiar-stressdeguerra.com\/pt\/2022\/02\/22\/apoiar-no-canal-saude-2\/","title":{"rendered":"APOIAR no Canal Sa\u00fade +"},"content":{"rendered":"<figure id=\"attachment_1729\" aria-describedby=\"caption-attachment-1729\" style=\"width: 800px\" class=\"wp-caption alignnone\"><a href=\"https:\/\/www.saudemais.tv\/video\/261384-pura-vida-t08-e003-01\" target=\"_blank\" rel=\"noopener noreferrer\"><img loading=\"lazy\" decoding=\"async\" class=\"wp-image-1729 size-large\" src=\"https:\/\/apoiar-stressdeguerra.com\/pt\/wp-content\/uploads\/2022\/02\/apoiar-saude-mais-2022-1024x555.jpg\" alt=\"\" width=\"800\" height=\"434\" srcset=\"https:\/\/apoiar-stressdeguerra.com\/pt\/wp-content\/uploads\/2022\/02\/apoiar-saude-mais-2022-1024x555.jpg 1024w, https:\/\/apoiar-stressdeguerra.com\/pt\/wp-content\/uploads\/2022\/02\/apoiar-saude-mais-2022-300x162.jpg 300w, https:\/\/apoiar-stressdeguerra.com\/pt\/wp-content\/uploads\/2022\/02\/apoiar-saude-mais-2022-768x416.jpg 768w, https:\/\/apoiar-stressdeguerra.com\/pt\/wp-content\/uploads\/2022\/02\/apoiar-saude-mais-2022-600x325.jpg 600w, https:\/\/apoiar-stressdeguerra.com\/pt\/wp-content\/uploads\/2022\/02\/apoiar-saude-mais-2022.jpg 1357w\" sizes=\"auto, (max-width: 800px) 100vw, 800px\" \/><\/a><figcaption id=\"caption-attachment-1729\" class=\"wp-caption-text\">Parte 1<\/figcaption><\/figure>\n<p><strong>O canal de cabo, Sa\u00fade +, dedicado exclusivamente \u00e0s quest\u00f5es de sa\u00fade, convidou o Presidente da Direc\u00e7\u00e3o da APOIAR e da ADFA para um programa de uma hora sobre os stress de guerra.<\/strong><\/p>\n<p><b>[Por: Redac\u00e7\u00e3o]<\/b><\/p>\n<p>A convite da produ\u00e7\u00e3o do programa \u201cPura Vida\u201d, o Presidente da Direc\u00e7\u00e3o da APOIAR esteve presente no epis\u00f3dio dedicado ao stress de Guerra.<\/p>\n<p>No programa estiveram tamb\u00e9m presentes o Presidente da Direc\u00e7\u00e3o Nacional da ADFA Jos\u00e9 Santa Clara Gomes e o psiquiatra Tiago Santos do Centro Hospitalar do Baixo Vouga e CHU de Coimbra.<\/p>\n<p>Abordaram-se os temas principais do stress de guerra e de como afectam os ex-combatentes e as suas fam\u00edlias e falou-se dos apoios que tanto a ADFA como a APOIAR disponibilizam no \u00e2mbito das Rede Nacional de Apoio \u00e0s V\u00edtimas do Stress de guerra. Jos\u00e9 Santa Clara Gomes lembrou a morosidade do reconhecimento como Deficiente das For\u00e7as Armadas ainda hoje deixa muitos ex-combatentes sem apoio.<\/p>\n<p>Jorge Gouveia reconhece que no \u00e2mbito do protocolo feito com o Minist\u00e9rio da Defesa Nacional n\u00e3o tem havido falta de apoio mas existem ainda muitos utentes com reformas baixas que muitas vezes t\u00eam de escolher entre comer ou tomar os medicamentos e a APOIAR ajuda dentro das suas possibilidades.<\/p>\n<p>O programa estar\u00e1 dispon\u00edvel aqui:<\/p>\n<h2><a href=\"https:\/\/www.saudemais.tv\/video\/261384-pura-vida-t08-e003-01\">Parte 1<\/a><\/h2>\n<h2><a href=\"https:\/\/www.saudemais.tv\/video\/261381-pura-vida-t08-e003-02\">Parte 2<\/a><\/h2>\n","protected":false},"excerpt":{"rendered":"<p>O canal de cabo, Sa\u00fade +, dedicado exclusivamente \u00e0s quest\u00f5es de sa\u00fade, convidou o Presidente da Direc\u00e7\u00e3o da APOIAR e da ADFA para um programa de uma hora sobre os stress de guerra. [Por: Redac\u00e7\u00e3o] A convite da produ\u00e7\u00e3o do programa \u201cPura Vida\u201d, o Presidente da Direc\u00e7\u00e3o da APOIAR esteve presente no epis\u00f3dio dedicado ao <a class=\"read-more\" href=\"https:\/\/apoiar-stressdeguerra.com\/pt\/2022\/02\/22\/apoiar-no-canal-saude-2\/\">Leia mais<\/a><\/p>\n","protected":false},"author":1,"featured_media":0,"comment_status":"open","ping_status":"open","sticky":false,"template":"","format":"standard","meta":{"_uf_show_specific_survey":0,"_uf_disable_surveys":false,"footnotes":""},"categories":[46,65],"tags":[45,41,43,33,26,15],"class_list":["post-1728","post","type-post","status-publish","format-standard","hentry","category-arquivo-de-imprensa","category-video","tag-apoiar","tag-deficientes-das-forcas-armadas","tag-ex-combatentes","tag-guerra-colonial","tag-saude-mental","tag-stress-de-guerra"],"yoast_head":"<!-- This site is optimized with the Yoast SEO plugin v26.8 - https:\/\/yoast.com\/product\/yoast-seo-wordpress\/ -->\n<title>APOIAR no Canal Sa\u00fade + - APOIAR<\/title>\n<meta name=\"robots\" content=\"index, follow, max-snippet:-1, max-image-preview:large, max-video-preview:-1\" \/>\n<link rel=\"canonical\" href=\"https:\/\/apoiar-stressdeguerra.com\/pt\/2022\/02\/22\/apoiar-no-canal-saude-2\/\" \/>\n<meta property=\"og:locale\" content=\"pt_PT\" \/>\n<meta property=\"og:type\" content=\"article\" \/>\n<meta property=\"og:title\" content=\"APOIAR no Canal Sa\u00fade + - APOIAR\" \/>\n<meta property=\"og:description\" content=\"O canal de cabo, Sa\u00fade +, dedicado exclusivamente \u00e0s quest\u00f5es de sa\u00fade, convidou o Presidente da Direc\u00e7\u00e3o da APOIAR e da ADFA para um programa de uma hora sobre os stress de guerra. [Por: Redac\u00e7\u00e3o] A convite da produ\u00e7\u00e3o do programa \u201cPura Vida\u201d, o Presidente da Direc\u00e7\u00e3o da APOIAR esteve presente no epis\u00f3dio dedicado ao Leia mais\" \/>\n<meta property=\"og:url\" content=\"https:\/\/apoiar-stressdeguerra.com\/pt\/2022\/02\/22\/apoiar-no-canal-saude-2\/\" \/>\n<meta property=\"og:site_name\" content=\"APOIAR\" \/>\n<meta property=\"article:publisher\" content=\"https:\/\/www.facebook.com\/stressdeguerraapoiar\/\" \/>\n<meta property=\"article:published_time\" content=\"2022-02-22T09:28:35+00:00\" \/>\n<meta property=\"article:modified_time\" content=\"2022-02-23T09:42:13+00:00\" \/>\n<meta property=\"og:image\" content=\"https:\/\/apoiar-stressdeguerra.com\/pt\/wp-content\/uploads\/2022\/02\/apoiar-saude-mais-2022.jpg\" \/>\n\t<meta property=\"og:image:width\" content=\"1357\" \/>\n\t<meta property=\"og:image:height\" content=\"735\" \/>\n\t<meta property=\"og:image:type\" content=\"image\/jpeg\" \/>\n<meta name=\"author\" content=\"apoiar\" \/>\n<meta name=\"twitter:card\" content=\"summary_large_image\" \/>\n<meta name=\"twitter:creator\" content=\"@aapoiar\" \/>\n<meta name=\"twitter:site\" content=\"@aapoiar\" \/>\n<meta name=\"twitter:label1\" content=\"Escrito por\" \/>\n\t<meta name=\"twitter:data1\" content=\"apoiar\" \/>\n\t<meta name=\"twitter:label2\" content=\"Tempo estimado de leitura\" \/>\n\t<meta name=\"twitter:data2\" content=\"1 minuto\" \/>\n<script type=\"application\/ld+json\" class=\"yoast-schema-graph\">{\"@context\":\"https:\/\/schema.org\",\"@graph\":[{\"@type\":\"Article\",\"@id\":\"https:\/\/apoiar-stressdeguerra.com\/pt\/2022\/02\/22\/apoiar-no-canal-saude-2\/#article\",\"isPartOf\":{\"@id\":\"https:\/\/apoiar-stressdeguerra.com\/pt\/2022\/02\/22\/apoiar-no-canal-saude-2\/\"},\"author\":{\"name\":\"apoiar\",\"@id\":\"https:\/\/apoiar-stressdeguerra.com\/pt\/#\/schema\/person\/2a2075124c4f97ee5005d25282ae26ee\"},\"headline\":\"APOIAR no Canal Sa\u00fade +\",\"datePublished\":\"2022-02-22T09:28:35+00:00\",\"dateModified\":\"2022-02-23T09:42:13+00:00\",\"mainEntityOfPage\":{\"@id\":\"https:\/\/apoiar-stressdeguerra.com\/pt\/2022\/02\/22\/apoiar-no-canal-saude-2\/\"},\"wordCount\":238,\"commentCount\":0,\"publisher\":{\"@id\":\"https:\/\/apoiar-stressdeguerra.com\/pt\/#organization\"},\"image\":{\"@id\":\"https:\/\/apoiar-stressdeguerra.com\/pt\/2022\/02\/22\/apoiar-no-canal-saude-2\/#primaryimage\"},\"thumbnailUrl\":\"https:\/\/apoiar-stressdeguerra.com\/pt\/wp-content\/uploads\/2022\/02\/apoiar-saude-mais-2022-1024x555.jpg\",\"keywords\":[\"APOIAR\",\"Deficientes das For\u00e7as Armadas\",\"Ex-combatentes\",\"Guerra Colonial\",\"Sa\u00fade Mental\",\"Stress de Guerra\"],\"articleSection\":[\"Arquivo de Imprensa\",\"Video\"],\"inLanguage\":\"pt-PT\",\"potentialAction\":[{\"@type\":\"CommentAction\",\"name\":\"Comment\",\"target\":[\"https:\/\/apoiar-stressdeguerra.com\/pt\/2022\/02\/22\/apoiar-no-canal-saude-2\/#respond\"]}]},{\"@type\":\"WebPage\",\"@id\":\"https:\/\/apoiar-stressdeguerra.com\/pt\/2022\/02\/22\/apoiar-no-canal-saude-2\/\",\"url\":\"https:\/\/apoiar-stressdeguerra.com\/pt\/2022\/02\/22\/apoiar-no-canal-saude-2\/\",\"name\":\"APOIAR no Canal Sa\u00fade + - APOIAR\",\"isPartOf\":{\"@id\":\"https:\/\/apoiar-stressdeguerra.com\/pt\/#website\"},\"primaryImageOfPage\":{\"@id\":\"https:\/\/apoiar-stressdeguerra.com\/pt\/2022\/02\/22\/apoiar-no-canal-saude-2\/#primaryimage\"},\"image\":{\"@id\":\"https:\/\/apoiar-stressdeguerra.com\/pt\/2022\/02\/22\/apoiar-no-canal-saude-2\/#primaryimage\"},\"thumbnailUrl\":\"https:\/\/apoiar-stressdeguerra.com\/pt\/wp-content\/uploads\/2022\/02\/apoiar-saude-mais-2022-1024x555.jpg\",\"datePublished\":\"2022-02-22T09:28:35+00:00\",\"dateModified\":\"2022-02-23T09:42:13+00:00\",\"breadcrumb\":{\"@id\":\"https:\/\/apoiar-stressdeguerra.com\/pt\/2022\/02\/22\/apoiar-no-canal-saude-2\/#breadcrumb\"},\"inLanguage\":\"pt-PT\",\"potentialAction\":[{\"@type\":\"ReadAction\",\"target\":[\"https:\/\/apoiar-stressdeguerra.com\/pt\/2022\/02\/22\/apoiar-no-canal-saude-2\/\"]}]},{\"@type\":\"ImageObject\",\"inLanguage\":\"pt-PT\",\"@id\":\"https:\/\/apoiar-stressdeguerra.com\/pt\/2022\/02\/22\/apoiar-no-canal-saude-2\/#primaryimage\",\"url\":\"https:\/\/apoiar-stressdeguerra.com\/pt\/wp-content\/uploads\/2022\/02\/apoiar-saude-mais-2022.jpg\",\"contentUrl\":\"https:\/\/apoiar-stressdeguerra.com\/pt\/wp-content\/uploads\/2022\/02\/apoiar-saude-mais-2022.jpg\",\"width\":1357,\"height\":735},{\"@type\":\"BreadcrumbList\",\"@id\":\"https:\/\/apoiar-stressdeguerra.com\/pt\/2022\/02\/22\/apoiar-no-canal-saude-2\/#breadcrumb\",\"itemListElement\":[{\"@type\":\"ListItem\",\"position\":1,\"name\":\"In\u00edcio\",\"item\":\"https:\/\/apoiar-stressdeguerra.com\/pt\/\"},{\"@type\":\"ListItem\",\"position\":2,\"name\":\"APOIAR no Canal Sa\u00fade +\"}]},{\"@type\":\"WebSite\",\"@id\":\"https:\/\/apoiar-stressdeguerra.com\/pt\/#website\",\"url\":\"https:\/\/apoiar-stressdeguerra.com\/pt\/\",\"name\":\"APOIAR\",\"description\":\"Associa\u00e7\u00e3o de Apoio aos Ex-combatentes V\u00edtimas do Stress de Guerra.\",\"publisher\":{\"@id\":\"https:\/\/apoiar-stressdeguerra.com\/pt\/#organization\"},\"potentialAction\":[{\"@type\":\"SearchAction\",\"target\":{\"@type\":\"EntryPoint\",\"urlTemplate\":\"https:\/\/apoiar-stressdeguerra.com\/pt\/?s={search_term_string}\"},\"query-input\":{\"@type\":\"PropertyValueSpecification\",\"valueRequired\":true,\"valueName\":\"search_term_string\"}}],\"inLanguage\":\"pt-PT\"},{\"@type\":\"Organization\",\"@id\":\"https:\/\/apoiar-stressdeguerra.com\/pt\/#organization\",\"name\":\"APOIAR\",\"url\":\"https:\/\/apoiar-stressdeguerra.com\/pt\/\",\"logo\":{\"@type\":\"ImageObject\",\"inLanguage\":\"pt-PT\",\"@id\":\"https:\/\/apoiar-stressdeguerra.com\/pt\/#\/schema\/logo\/image\/\",\"url\":\"https:\/\/apoiar-stressdeguerra.com\/pt\/wp-content\/uploads\/2017\/03\/LOGO_tb_transparente.gif\",\"contentUrl\":\"https:\/\/apoiar-stressdeguerra.com\/pt\/wp-content\/uploads\/2017\/03\/LOGO_tb_transparente.gif\",\"width\":153,\"height\":59,\"caption\":\"APOIAR\"},\"image\":{\"@id\":\"https:\/\/apoiar-stressdeguerra.com\/pt\/#\/schema\/logo\/image\/\"},\"sameAs\":[\"https:\/\/www.facebook.com\/stressdeguerraapoiar\/\",\"https:\/\/x.com\/aapoiar\"]},{\"@type\":\"Person\",\"@id\":\"https:\/\/apoiar-stressdeguerra.com\/pt\/#\/schema\/person\/2a2075124c4f97ee5005d25282ae26ee\",\"name\":\"apoiar\",\"image\":{\"@type\":\"ImageObject\",\"inLanguage\":\"pt-PT\",\"@id\":\"https:\/\/apoiar-stressdeguerra.com\/pt\/#\/schema\/person\/image\/\",\"url\":\"https:\/\/secure.gravatar.com\/avatar\/ffa6c738212b72e4a4a5c378831188325983795de334672f7b3b222f864ffd8f?s=96&d=mm&r=g\",\"contentUrl\":\"https:\/\/secure.gravatar.com\/avatar\/ffa6c738212b72e4a4a5c378831188325983795de334672f7b3b222f864ffd8f?s=96&d=mm&r=g\",\"caption\":\"apoiar\"}}]}<\/script>\n<!-- \/ Yoast SEO plugin. -->","yoast_head_json":{"title":"APOIAR no Canal Sa\u00fade + - APOIAR","robots":{"index":"index","follow":"follow","max-snippet":"max-snippet:-1","max-image-preview":"max-image-preview:large","max-video-preview":"max-video-preview:-1"},"canonical":"https:\/\/apoiar-stressdeguerra.com\/pt\/2022\/02\/22\/apoiar-no-canal-saude-2\/","og_locale":"pt_PT","og_type":"article","og_title":"APOIAR no Canal Sa\u00fade + - APOIAR","og_description":"O canal de cabo, Sa\u00fade +, dedicado exclusivamente \u00e0s quest\u00f5es de sa\u00fade, convidou o Presidente da Direc\u00e7\u00e3o da APOIAR e da ADFA para um programa de uma hora sobre os stress de guerra. [Por: Redac\u00e7\u00e3o] A convite da produ\u00e7\u00e3o do programa \u201cPura Vida\u201d, o Presidente da Direc\u00e7\u00e3o da APOIAR esteve presente no epis\u00f3dio dedicado ao Leia mais","og_url":"https:\/\/apoiar-stressdeguerra.com\/pt\/2022\/02\/22\/apoiar-no-canal-saude-2\/","og_site_name":"APOIAR","article_publisher":"https:\/\/www.facebook.com\/stressdeguerraapoiar\/","article_published_time":"2022-02-22T09:28:35+00:00","article_modified_time":"2022-02-23T09:42:13+00:00","og_image":[{"width":1357,"height":735,"url":"https:\/\/apoiar-stressdeguerra.com\/pt\/wp-content\/uploads\/2022\/02\/apoiar-saude-mais-2022.jpg","type":"image\/jpeg"}],"author":"apoiar","twitter_card":"summary_large_image","twitter_creator":"@aapoiar","twitter_site":"@aapoiar","twitter_misc":{"Escrito por":"apoiar","Tempo estimado de leitura":"1 minuto"},"schema":{"@context":"https:\/\/schema.org","@graph":[{"@type":"Article","@id":"https:\/\/apoiar-stressdeguerra.com\/pt\/2022\/02\/22\/apoiar-no-canal-saude-2\/#article","isPartOf":{"@id":"https:\/\/apoiar-stressdeguerra.com\/pt\/2022\/02\/22\/apoiar-no-canal-saude-2\/"},"author":{"name":"apoiar","@id":"https:\/\/apoiar-stressdeguerra.com\/pt\/#\/schema\/person\/2a2075124c4f97ee5005d25282ae26ee"},"headline":"APOIAR no Canal Sa\u00fade +","datePublished":"2022-02-22T09:28:35+00:00","dateModified":"2022-02-23T09:42:13+00:00","mainEntityOfPage":{"@id":"https:\/\/apoiar-stressdeguerra.com\/pt\/2022\/02\/22\/apoiar-no-canal-saude-2\/"},"wordCount":238,"commentCount":0,"publisher":{"@id":"https:\/\/apoiar-stressdeguerra.com\/pt\/#organization"},"image":{"@id":"https:\/\/apoiar-stressdeguerra.com\/pt\/2022\/02\/22\/apoiar-no-canal-saude-2\/#primaryimage"},"thumbnailUrl":"https:\/\/apoiar-stressdeguerra.com\/pt\/wp-content\/uploads\/2022\/02\/apoiar-saude-mais-2022-1024x555.jpg","keywords":["APOIAR","Deficientes das For\u00e7as Armadas","Ex-combatentes","Guerra Colonial","Sa\u00fade Mental","Stress de Guerra"],"articleSection":["Arquivo de Imprensa","Video"],"inLanguage":"pt-PT","potentialAction":[{"@type":"CommentAction","name":"Comment","target":["https:\/\/apoiar-stressdeguerra.com\/pt\/2022\/02\/22\/apoiar-no-canal-saude-2\/#respond"]}]},{"@type":"WebPage","@id":"https:\/\/apoiar-stressdeguerra.com\/pt\/2022\/02\/22\/apoiar-no-canal-saude-2\/","url":"https:\/\/apoiar-stressdeguerra.com\/pt\/2022\/02\/22\/apoiar-no-canal-saude-2\/","name":"APOIAR no Canal Sa\u00fade + - APOIAR","isPartOf":{"@id":"https:\/\/apoiar-stressdeguerra.com\/pt\/#website"},"primaryImageOfPage":{"@id":"https:\/\/apoiar-stressdeguerra.com\/pt\/2022\/02\/22\/apoiar-no-canal-saude-2\/#primaryimage"},"image":{"@id":"https:\/\/apoiar-stressdeguerra.com\/pt\/2022\/02\/22\/apoiar-no-canal-saude-2\/#primaryimage"},"thumbnailUrl":"https:\/\/apoiar-stressdeguerra.com\/pt\/wp-content\/uploads\/2022\/02\/apoiar-saude-mais-2022-1024x555.jpg","datePublished":"2022-02-22T09:28:35+00:00","dateModified":"2022-02-23T09:42:13+00:00","breadcrumb":{"@id":"https:\/\/apoiar-stressdeguerra.com\/pt\/2022\/02\/22\/apoiar-no-canal-saude-2\/#breadcrumb"},"inLanguage":"pt-PT","potentialAction":[{"@type":"ReadAction","target":["https:\/\/apoiar-stressdeguerra.com\/pt\/2022\/02\/22\/apoiar-no-canal-saude-2\/"]}]},{"@type":"ImageObject","inLanguage":"pt-PT","@id":"https:\/\/apoiar-stressdeguerra.com\/pt\/2022\/02\/22\/apoiar-no-canal-saude-2\/#primaryimage","url":"https:\/\/apoiar-stressdeguerra.com\/pt\/wp-content\/uploads\/2022\/02\/apoiar-saude-mais-2022.jpg","contentUrl":"https:\/\/apoiar-stressdeguerra.com\/pt\/wp-content\/uploads\/2022\/02\/apoiar-saude-mais-2022.jpg","width":1357,"height":735},{"@type":"BreadcrumbList","@id":"https:\/\/apoiar-stressdeguerra.com\/pt\/2022\/02\/22\/apoiar-no-canal-saude-2\/#breadcrumb","itemListElement":[{"@type":"ListItem","position":1,"name":"In\u00edcio","item":"https:\/\/apoiar-stressdeguerra.com\/pt\/"},{"@type":"ListItem","position":2,"name":"APOIAR no Canal Sa\u00fade +"}]},{"@type":"WebSite","@id":"https:\/\/apoiar-stressdeguerra.com\/pt\/#website","url":"https:\/\/apoiar-stressdeguerra.com\/pt\/","name":"APOIAR","description":"Associa\u00e7\u00e3o de Apoio aos Ex-combatentes V\u00edtimas do Stress de Guerra.","publisher":{"@id":"https:\/\/apoiar-stressdeguerra.com\/pt\/#organization"},"potentialAction":[{"@type":"SearchAction","target":{"@type":"EntryPoint","urlTemplate":"https:\/\/apoiar-stressdeguerra.com\/pt\/?s={search_term_string}"},"query-input":{"@type":"PropertyValueSpecification","valueRequired":true,"valueName":"search_term_string"}}],"inLanguage":"pt-PT"},{"@type":"Organization","@id":"https:\/\/apoiar-stressdeguerra.com\/pt\/#organization","name":"APOIAR","url":"https:\/\/apoiar-stressdeguerra.com\/pt\/","logo":{"@type":"ImageObject","inLanguage":"pt-PT","@id":"https:\/\/apoiar-stressdeguerra.com\/pt\/#\/schema\/logo\/image\/","url":"https:\/\/apoiar-stressdeguerra.com\/pt\/wp-content\/uploads\/2017\/03\/LOGO_tb_transparente.gif","contentUrl":"https:\/\/apoiar-stressdeguerra.com\/pt\/wp-content\/uploads\/2017\/03\/LOGO_tb_transparente.gif","width":153,"height":59,"caption":"APOIAR"},"image":{"@id":"https:\/\/apoiar-stressdeguerra.com\/pt\/#\/schema\/logo\/image\/"},"sameAs":["https:\/\/www.facebook.com\/stressdeguerraapoiar\/","https:\/\/x.com\/aapoiar"]},{"@type":"Person","@id":"https:\/\/apoiar-stressdeguerra.com\/pt\/#\/schema\/person\/2a2075124c4f97ee5005d25282ae26ee","name":"apoiar","image":{"@type":"ImageObject","inLanguage":"pt-PT","@id":"https:\/\/apoiar-stressdeguerra.com\/pt\/#\/schema\/person\/image\/","url":"https:\/\/secure.gravatar.com\/avatar\/ffa6c738212b72e4a4a5c378831188325983795de334672f7b3b222f864ffd8f?s=96&d=mm&r=g","contentUrl":"https:\/\/secure.gravatar.com\/avatar\/ffa6c738212b72e4a4a5c378831188325983795de334672f7b3b222f864ffd8f?s=96&d=mm&r=g","caption":"apoiar"}}]}},"_links":{"self":[{"href":"https:\/\/apoiar-stressdeguerra.com\/pt\/wp-json\/wp\/v2\/posts\/1728","targetHints":{"allow":["GET"]}}],"collection":[{"href":"https:\/\/apoiar-stressdeguerra.com\/pt\/wp-json\/wp\/v2\/posts"}],"about":[{"href":"https:\/\/apoiar-stressdeguerra.com\/pt\/wp-json\/wp\/v2\/types\/post"}],"author":[{"embeddable":true,"href":"https:\/\/apoiar-stressdeguerra.com\/pt\/wp-json\/wp\/v2\/users\/1"}],"replies":[{"embeddable":true,"href":"https:\/\/apoiar-stressdeguerra.com\/pt\/wp-json\/wp\/v2\/comments?post=1728"}],"version-history":[{"count":4,"href":"https:\/\/apoiar-stressdeguerra.com\/pt\/wp-json\/wp\/v2\/posts\/1728\/revisions"}],"predecessor-version":[{"id":1737,"href":"https:\/\/apoiar-stressdeguerra.com\/pt\/wp-json\/wp\/v2\/posts\/1728\/revisions\/1737"}],"wp:attachment":[{"href":"https:\/\/apoiar-stressdeguerra.com\/pt\/wp-json\/wp\/v2\/media?parent=1728"}],"wp:term":[{"taxonomy":"category","embeddable":true,"href":"https:\/\/apoiar-stressdeguerra.com\/pt\/wp-json\/wp\/v2\/categories?post=1728"},{"taxonomy":"post_tag","embeddable":true,"href":"https:\/\/apoiar-stressdeguerra.com\/pt\/wp-json\/wp\/v2\/tags?post=1728"}],"curies":[{"name":"wp","href":"https:\/\/api.w.org\/{rel}","templated":true}]}}