{"id":1930,"date":"2023-07-19T14:38:50","date_gmt":"2023-07-19T14:38:50","guid":{"rendered":"https:\/\/apoiar-stressdeguerra.com\/pt\/?p=1930"},"modified":"2023-07-19T15:12:42","modified_gmt":"2023-07-19T15:12:42","slug":"apoiar-na-comissao-defesa-nacional","status":"publish","type":"post","link":"https:\/\/apoiar-stressdeguerra.com\/pt\/2023\/07\/19\/apoiar-na-comissao-defesa-nacional\/","title":{"rendered":"APOIAR na Comiss\u00e3o de Defesa Nacional"},"content":{"rendered":"<h4>APOIAR foi ao Parlamento lembrar que h\u00e1 ainda muito por fazer<\/h4>\n<h5>A Comiss\u00e3o de Defesa Nacional do Parlamento convocou as Associa\u00e7\u00f5es de Combatentes para uma s\u00e9rie de audi\u00e7\u00f5es, de modo a fazer um levantamento da aplica\u00e7\u00e3o do Estatuto do Antigo Combatente. A Associa\u00e7\u00e3o APOIAR foi ouvida por deputados do PS, PSD e Chega.<\/h5>\n<p>Por: Direc\u00e7\u00e3o da APOIAR<\/p>\n<p style=\"text-align: center;\"><i>APRESENTA\u00c7\u00c3O DA ASSOCIA\u00c7\u00c3O<\/i><i><\/i><\/p>\n<figure id=\"attachment_1931\" aria-describedby=\"caption-attachment-1931\" style=\"width: 526px\" class=\"wp-caption alignright\"><a href=\"https:\/\/canal.parlamento.pt\/?cid=7153&amp;title=audicao-da-associacao-de-apoio-aos-ex-combatentes-vitimas-de-stress-de\" target=\"_blank\" rel=\"noopener\"><img loading=\"lazy\" decoding=\"async\" class=\"wp-image-1931 \" src=\"https:\/\/apoiar-stressdeguerra.com\/pt\/wp-content\/uploads\/2023\/07\/CDN-apoiar-2023.jpg\" alt=\"\" width=\"526\" height=\"285\" srcset=\"https:\/\/apoiar-stressdeguerra.com\/pt\/wp-content\/uploads\/2023\/07\/CDN-apoiar-2023.jpg 722w, https:\/\/apoiar-stressdeguerra.com\/pt\/wp-content\/uploads\/2023\/07\/CDN-apoiar-2023-300x162.jpg 300w, https:\/\/apoiar-stressdeguerra.com\/pt\/wp-content\/uploads\/2023\/07\/CDN-apoiar-2023-600x325.jpg 600w\" sizes=\"auto, (max-width: 526px) 100vw, 526px\" \/><\/a><figcaption id=\"caption-attachment-1931\" class=\"wp-caption-text\">Assista ao v\u00eddeo da audi\u00e7\u00e3o no site do Canal Parlamento (clique na imagem)<\/figcaption><\/figure>\n<p><i>Entre 1961 e 1975 quase um milh\u00e3o de jovens portugueses foram mobilizados para a Guerra Colonial nas antigas prov\u00edncias ultramarinas portuguesas. 400.000 deles foram para a frente de combate de onde 10.000 n\u00e3o voltaram. Dezenas de milhar de outros regressaram com sequelas f\u00edsicas e mentais, que ainda hoje se fazem sentir em sil\u00eancio. <\/i><\/p>\n<p><i>O drama da guerra colonial mant\u00e9m-se em muitos dos ainda sobrevivem, assim como nas suas fam\u00edlias, esposas, filhos e filhas. Essas feridas encobertas nunca cicatrizaram para incont\u00e1veis milhares de veteranos de guerra que regressaram com a guerra dentro deles.<\/i><\/p>\n<p><i>O stress de guerra \u00e9 uma realidade que demorou anos a ser reconhecida na lei, e isso teve sequelas imensur\u00e1veis. <\/i><\/p>\n<p><i>Foi desse sofrimento e da necessidade de encontrar ajuda num pa\u00eds que n\u00e3o compreendia esse drama que em 1988, a Associa\u00e7\u00e3o APOIAR surgiu da iniciativa de um grupo de profissionais de sa\u00fade e de pacientes sujeitos a terapia de grupo, nos Servi\u00e7os de Psicoterapia Comportamental do Hospital J\u00falio de Matos. <\/i><\/p>\n<p><i>Os grandes impulsionadores desta Associa\u00e7\u00e3o, para al\u00e9m dos ex-combatentes, foram o rec\u00e9m desaparecido psiquiatra Afonso de Albuquerque e psic\u00f3loga cl\u00ednica Fani Lopes, entre outras profissionais de sa\u00fade mental que participaram neste projecto pioneiro em Portugal.<\/i><\/p>\n<p><i>Em 1994 \u00e9 legalmente constitu\u00edda como Institui\u00e7\u00e3o Particular de Solidariedade Social, com o Estatuto de Utilidade P\u00fablica. Mas o stress de guerra \u00e9 apenas reconhecido na lei em 1999 e a legisla\u00e7\u00e3o que permite o apoio a estes ex-combatentes \u00e9 apenas traduzida na lei da Rede Nacional de Apoio \u00e0s v\u00edtimas de stress de guerra no ano 2000, 26 anos depois do fim da guerra.<\/i><\/p>\n<p><i>30 anos depois da sua funda\u00e7\u00e3o, a APOIAR mant\u00e9m-se como um porto de abrigo para os sobreviventes da guerra, e suas fam\u00edlias,\u00a0 afectados por esta e outras patologias cr\u00f3nicas causadas pelo trauma de terem estado em combate ao servi\u00e7o de Portugal, atrav\u00e9s de consultas de psicologia, psiquiatria, cl\u00ednica geral e apoio social, assim como apoio jur\u00eddico na resolu\u00e7\u00e3o dos processos de qualifica\u00e7\u00e3o como Deficiente das For\u00e7as Armadas ou Pensionistas por Invalidez por Stress de Guerra.<\/i><\/p>\n<p><i>50 anos depois do fim da guerra, 30 anos depois da ac\u00e7\u00e3o pioneira da APOIAR, s\u00e3o, infelizmente, muitas as quest\u00f5es que ainda consideramos por resolver. Nomeamos aqui algumas:<\/i><\/p>\n<p><i>\u00a0<\/i><\/p>\n<p style=\"text-align: center;\"><i>ATRASO DOS PROCESSOS DE QUALIFICA\u00c7\u00c3O COMO DFA\/PI<\/i><\/p>\n<p><i>O stress p\u00f3s-traum\u00e1tico \u00e9 considerado uma doen\u00e7a incapacitante e os ex-combatentes que dele padecem podem ser considerados Deficientes das For\u00e7as Armadas ou Pensionistas por Invalidez. Para isso, como qualquer outro processo de qualifica\u00e7\u00e3o de incapacidade, necessitam de uma avalia\u00e7\u00e3o. Este \u00e9 um processo necessariamente moroso.<\/i><\/p>\n<p><i>Durante anos a APOIAR alertou para o facto de os processos de qualifica\u00e7\u00e3o DFA estarem a demorar at\u00e9 14 anos. Depois de muitas reuni\u00f5es e propostas feitas a v\u00e1rios executivos e respons\u00e1veis ministeriais, em 2014 a secret\u00e1ria de Estado Berta Cabral emitiu o Despacho n\u00ba 15\/SEADN\/2014\/ que prop\u00f4s um Manual do Processo de qualifica\u00e7\u00e3o como DFA, para conseguir reduzir os prazos dos v\u00e1rios passos de tramita\u00e7\u00e3o destes processos at\u00e9 um m\u00e1ximo de dois anos. <\/i><\/p>\n<p><i>Quase 10 anos depois, embora tenha havido um avan\u00e7o significativo em muitos processos nos anos seguintes \u00e0 portaria, o problema dos atrasos mant\u00e9m-se hoje em dia, agravado pela pandemia.<\/i><\/p>\n<p><i>\u00a0<\/i><\/p>\n<p style=\"text-align: center;\"><i>COMPARTICIPA\u00c7\u00c3O DE MEDICAMENTOS<\/i><\/p>\n<p><i>Ap\u00f3s revoga\u00e7\u00e3o da Portaria 1474\/2004, de 21 de Dezembro os Antigos Combatentes deixaram de ter os seus medicamentos comparticipados em 90% e passaram a ter os medicamentos comparticipados em 37%. (Portaria n.\u00ba 924-A\/2010 de 17 de Dezembro, e Portaria n.\u00ba 195-D de 30 de Junho, artigo 2\u00ba al\u00ednea c).<\/i><\/p>\n<p><i>Este \u00e9 um problema antigo que h\u00e1 muito que a APOIAR vem a alertar. <\/i><\/p>\n<p><i>Os utentes da APOIAR necessitam de medica\u00e7\u00e3o constante. Muitos destes medicamentos psiqui\u00e1tricos s\u00e3o caros. H\u00e1 utentes que muitas vezes t\u00eam de escolher entre comprar comida ou comprar medica\u00e7\u00e3o.<\/i><\/p>\n<p><i>\u00a0<\/i><\/p>\n<p style=\"text-align: center;\"><i>ESTATUTO DO ANTIGO COMBATENTE<\/i><\/p>\n<p><i>O reconhecimento dos Antigos Combatentes em Lei \u00e9 uma reivindica\u00e7\u00e3o antiga dos veteranos de guerra. A publica\u00e7\u00e3o do estatuto, embora positiva, vem com 50 anos de atraso. Acreditamos no entanto que ainda se vai a tempo de fazer altera\u00e7\u00f5es que ajudem a dignificar os seus benifici\u00e1rios.<\/i><\/p>\n<p><i>\u00a0<\/i><\/p>\n<p style=\"text-align: center;\"><i>BALC\u00c3O \u00daNICO DA DEFESA<\/i><\/p>\n<p><i>Continua a n\u00e3o dar resposta aos diversos pedidos de esclarecimento e d\u00favidas sobre os benef\u00edcios do estatuto e \u00e0 entrega dos muitos cart\u00f5es que est\u00e3o por entregar. A APOIAR, desde 2021, tem sido um call center oficioso do Minist\u00e9rio da Defesa Nacional.<\/i><\/p>\n<p><i>O protocolo com as juntas de freguesia n\u00e3o est\u00e1 devidamente implementado. Muitas juntas desconhecem o Estatuto ou o protocolo assinado com a ANF.<\/i><\/p>\n<p><i>\u00a0<\/i><\/p>\n<p style=\"text-align: center;\"><i>BENEF\u00cdCIOS DO ESTATUTO E DO CART\u00c3O DE ANTIGO COMBATENTE<\/i><\/p>\n<p><i>.Complemento especial de pens\u00e3o, acr\u00e9scimo vital\u00edcio de pens\u00e3o e suplemento especial de pens\u00e3o:<\/i><\/p>\n<p><i>A legisla\u00e7\u00e3o contempla uma s\u00e9rie de complementos \u00e0 pens\u00e3o mas muitos dos beneficiados est\u00e3o a sofrer uma subida de escal\u00e3o por estarem a receber estes apoios.<\/i><\/p>\n<p><i>J\u00e1 que existe o cart\u00e3o ele pode ser usado para resolver algumas das grandes injusti\u00e7as feitas aos antigos combatentes.<\/i><\/p>\n<p><i>\u00a0<\/i><\/p>\n<p style=\"text-align: center;\"><i>PROPOSTAS E SUGEST\u00d5ES<\/i><\/p>\n<ul>\n<li><i> Acabar com a depend\u00eancia do cart\u00e3o f\u00edsico para obter os benef\u00edcios do Estatuto. Criar cart\u00e3o virtual com o n\u00famero de identifica\u00e7\u00e3o verific\u00e1vel que pode ser enviado a pedido para um e-mail e impresso em qualquer s\u00edtio.<\/i><\/li>\n<li><i> Isen\u00e7\u00e3o em sede de IRS do suplemento, acr\u00e9scimo e complemento de pens\u00f5es dados pelo Estatuto.<\/i><\/li>\n<li><i> Alargamento de respostas sociais espec\u00edficas para os Antigos Combatentes no \u00e2mbito do Estatuto, nomeadamente vagas em lares, cria\u00e7\u00e3o de lares espec\u00edficos ou apoio domicili\u00e1rio como substituto de internamentos ou institucionaliza\u00e7\u00e3o.<\/i><\/li>\n<li><i> Propomos que os Antigos combatentes portadores do cart\u00e3o possam voltar a beneficiar de uma maior comparticipa\u00e7\u00e3o na medica\u00e7\u00e3o retirada pela revoga\u00e7\u00e3o da portaria supracitada. <\/i><\/li>\n<\/ul>\n<p><i>\u00a0<\/i><\/p>\n<p style=\"text-align: center;\"><i>EM RESUMO<\/i><\/p>\n<p><i>A rede Nacional de APOIO foi criada em 2000 mas sempre foi uma rede muito curta e pouco nacional. Estamos perante um envelhecimento generalizado desta popula\u00e7\u00e3o. Ao stress de guerra juntam-se problemas neurol\u00f3gicos e f\u00edsicos que nem o estatuto nem as condi\u00e7\u00f5es estruturais do pa\u00eds d\u00e3o resposta.<\/i><\/p>\n<p><i>N\u00f3s sabemos que o tempo ir\u00e1 resolver estas quest\u00f5es inevitavelmente por si s\u00f3 mas ao fazer 50 anos da implementa\u00e7\u00e3o da democracia seria uma prova de maturidade dessa mesma democracia que, no intervalo que resta aos antigos combatentes at\u00e9 \u00e0 sua despedida deste mundo, o pa\u00eds pelo qual se sacrificaram pudesse ter um esfor\u00e7o que lhes desse esta prova final de reconhecimento e dignidade.<\/i><\/p>\n<p>No seguimento da interven\u00e7\u00e3o da APOIAR os deputados presentes, Manuel Afonso do Partido Socialista, Olga Silvestre do Partido Social Democrata, e Pedro Pessanha do partido CHEGA deixaram, algumas quest\u00f5es relacionadas com o funcionamento da APOIAR e quais s\u00e3o os principais problemas da implementa\u00e7\u00e3o do Estatuto do Combatente e quais as principais car\u00eancias que a Associa\u00e7\u00e3o sente, quer na institui\u00e7\u00e3o, quer nos seus utentes. A APOIAR desenvolveu as quest\u00f5es que apresentou na sua interven\u00e7\u00e3o inicial em mais pormenor\u00a0 nas respostas \u00e0s perguntas dos deputados.<\/p>\n<p>A Comiss\u00e3o de Defesa Nacional ir\u00e1 receber mais associa\u00e7\u00f5es. O v\u00eddeo destas audi\u00e7\u00e3o parlamentar pode ser revisto no arquivo do Canal Parlamento ou no site da APOIAR.<\/p>\n<p>&nbsp;<\/p>\n","protected":false},"excerpt":{"rendered":"<p>APOIAR foi ao Parlamento lembrar que h\u00e1 ainda muito por fazer A Comiss\u00e3o de Defesa Nacional do Parlamento convocou as Associa\u00e7\u00f5es de Combatentes para uma s\u00e9rie de audi\u00e7\u00f5es, de modo a fazer um levantamento da aplica\u00e7\u00e3o do Estatuto do Antigo Combatente. A Associa\u00e7\u00e3o APOIAR foi ouvida por deputados do PS, PSD e Chega. Por: Direc\u00e7\u00e3o <a class=\"read-more\" href=\"https:\/\/apoiar-stressdeguerra.com\/pt\/2023\/07\/19\/apoiar-na-comissao-defesa-nacional\/\">Leia mais<\/a><\/p>\n","protected":false},"author":1,"featured_media":0,"comment_status":"open","ping_status":"open","sticky":false,"template":"","format":"standard","meta":{"_uf_show_specific_survey":0,"_uf_disable_surveys":false,"footnotes":""},"categories":[18],"tags":[45,41,92,43,33,50,15],"class_list":["post-1930","post","type-post","status-publish","format-standard","hentry","category-noticias","tag-apoiar","tag-deficientes-das-forcas-armadas","tag-estatuto-do-antigo-combatente","tag-ex-combatentes","tag-guerra-colonial","tag-ministerio-da-defesa","tag-stress-de-guerra"],"yoast_head":"<!-- This site is optimized with the Yoast SEO plugin v26.8 - https:\/\/yoast.com\/product\/yoast-seo-wordpress\/ -->\n<title>APOIAR na Comiss\u00e3o de Defesa Nacional - APOIAR<\/title>\n<meta name=\"robots\" content=\"index, follow, max-snippet:-1, max-image-preview:large, max-video-preview:-1\" \/>\n<link rel=\"canonical\" href=\"https:\/\/apoiar-stressdeguerra.com\/pt\/2023\/07\/19\/apoiar-na-comissao-defesa-nacional\/\" \/>\n<meta property=\"og:locale\" content=\"pt_PT\" \/>\n<meta property=\"og:type\" content=\"article\" \/>\n<meta property=\"og:title\" content=\"APOIAR na Comiss\u00e3o de Defesa Nacional - APOIAR\" \/>\n<meta property=\"og:description\" content=\"APOIAR foi ao Parlamento lembrar que h\u00e1 ainda muito por fazer A Comiss\u00e3o de Defesa Nacional do Parlamento convocou as Associa\u00e7\u00f5es de Combatentes para uma s\u00e9rie de audi\u00e7\u00f5es, de modo a fazer um levantamento da aplica\u00e7\u00e3o do Estatuto do Antigo Combatente. A Associa\u00e7\u00e3o APOIAR foi ouvida por deputados do PS, PSD e Chega. Por: Direc\u00e7\u00e3o Leia mais\" \/>\n<meta property=\"og:url\" content=\"https:\/\/apoiar-stressdeguerra.com\/pt\/2023\/07\/19\/apoiar-na-comissao-defesa-nacional\/\" \/>\n<meta property=\"og:site_name\" content=\"APOIAR\" \/>\n<meta property=\"article:publisher\" content=\"https:\/\/www.facebook.com\/stressdeguerraapoiar\/\" \/>\n<meta property=\"article:published_time\" content=\"2023-07-19T14:38:50+00:00\" \/>\n<meta property=\"article:modified_time\" content=\"2023-07-19T15:12:42+00:00\" \/>\n<meta property=\"og:image\" content=\"https:\/\/apoiar-stressdeguerra.com\/pt\/wp-content\/uploads\/2023\/07\/CDN-apoiar-2023.jpg\" \/>\n\t<meta property=\"og:image:width\" content=\"722\" \/>\n\t<meta property=\"og:image:height\" content=\"391\" \/>\n\t<meta property=\"og:image:type\" content=\"image\/jpeg\" \/>\n<meta name=\"author\" content=\"apoiar\" \/>\n<meta name=\"twitter:card\" content=\"summary_large_image\" \/>\n<meta name=\"twitter:creator\" content=\"@aapoiar\" \/>\n<meta name=\"twitter:site\" content=\"@aapoiar\" \/>\n<meta name=\"twitter:label1\" content=\"Escrito por\" \/>\n\t<meta name=\"twitter:data1\" content=\"apoiar\" \/>\n\t<meta name=\"twitter:label2\" content=\"Tempo estimado de leitura\" \/>\n\t<meta name=\"twitter:data2\" content=\"7 minutos\" \/>\n<script type=\"application\/ld+json\" class=\"yoast-schema-graph\">{\"@context\":\"https:\/\/schema.org\",\"@graph\":[{\"@type\":\"Article\",\"@id\":\"https:\/\/apoiar-stressdeguerra.com\/pt\/2023\/07\/19\/apoiar-na-comissao-defesa-nacional\/#article\",\"isPartOf\":{\"@id\":\"https:\/\/apoiar-stressdeguerra.com\/pt\/2023\/07\/19\/apoiar-na-comissao-defesa-nacional\/\"},\"author\":{\"name\":\"apoiar\",\"@id\":\"https:\/\/apoiar-stressdeguerra.com\/pt\/#\/schema\/person\/2a2075124c4f97ee5005d25282ae26ee\"},\"headline\":\"APOIAR na Comiss\u00e3o de Defesa Nacional\",\"datePublished\":\"2023-07-19T14:38:50+00:00\",\"dateModified\":\"2023-07-19T15:12:42+00:00\",\"mainEntityOfPage\":{\"@id\":\"https:\/\/apoiar-stressdeguerra.com\/pt\/2023\/07\/19\/apoiar-na-comissao-defesa-nacional\/\"},\"wordCount\":1333,\"commentCount\":0,\"publisher\":{\"@id\":\"https:\/\/apoiar-stressdeguerra.com\/pt\/#organization\"},\"image\":{\"@id\":\"https:\/\/apoiar-stressdeguerra.com\/pt\/2023\/07\/19\/apoiar-na-comissao-defesa-nacional\/#primaryimage\"},\"thumbnailUrl\":\"https:\/\/apoiar-stressdeguerra.com\/pt\/wp-content\/uploads\/2023\/07\/CDN-apoiar-2023.jpg\",\"keywords\":[\"APOIAR\",\"Deficientes das For\u00e7as Armadas\",\"Estatuto do Antigo Combatente\",\"Ex-combatentes\",\"Guerra Colonial\",\"Minist\u00e9rio da Defesa\",\"Stress de Guerra\"],\"articleSection\":[\"Not\u00edcias\"],\"inLanguage\":\"pt-PT\",\"potentialAction\":[{\"@type\":\"CommentAction\",\"name\":\"Comment\",\"target\":[\"https:\/\/apoiar-stressdeguerra.com\/pt\/2023\/07\/19\/apoiar-na-comissao-defesa-nacional\/#respond\"]}]},{\"@type\":\"WebPage\",\"@id\":\"https:\/\/apoiar-stressdeguerra.com\/pt\/2023\/07\/19\/apoiar-na-comissao-defesa-nacional\/\",\"url\":\"https:\/\/apoiar-stressdeguerra.com\/pt\/2023\/07\/19\/apoiar-na-comissao-defesa-nacional\/\",\"name\":\"APOIAR na Comiss\u00e3o de Defesa Nacional - APOIAR\",\"isPartOf\":{\"@id\":\"https:\/\/apoiar-stressdeguerra.com\/pt\/#website\"},\"primaryImageOfPage\":{\"@id\":\"https:\/\/apoiar-stressdeguerra.com\/pt\/2023\/07\/19\/apoiar-na-comissao-defesa-nacional\/#primaryimage\"},\"image\":{\"@id\":\"https:\/\/apoiar-stressdeguerra.com\/pt\/2023\/07\/19\/apoiar-na-comissao-defesa-nacional\/#primaryimage\"},\"thumbnailUrl\":\"https:\/\/apoiar-stressdeguerra.com\/pt\/wp-content\/uploads\/2023\/07\/CDN-apoiar-2023.jpg\",\"datePublished\":\"2023-07-19T14:38:50+00:00\",\"dateModified\":\"2023-07-19T15:12:42+00:00\",\"breadcrumb\":{\"@id\":\"https:\/\/apoiar-stressdeguerra.com\/pt\/2023\/07\/19\/apoiar-na-comissao-defesa-nacional\/#breadcrumb\"},\"inLanguage\":\"pt-PT\",\"potentialAction\":[{\"@type\":\"ReadAction\",\"target\":[\"https:\/\/apoiar-stressdeguerra.com\/pt\/2023\/07\/19\/apoiar-na-comissao-defesa-nacional\/\"]}]},{\"@type\":\"ImageObject\",\"inLanguage\":\"pt-PT\",\"@id\":\"https:\/\/apoiar-stressdeguerra.com\/pt\/2023\/07\/19\/apoiar-na-comissao-defesa-nacional\/#primaryimage\",\"url\":\"https:\/\/apoiar-stressdeguerra.com\/pt\/wp-content\/uploads\/2023\/07\/CDN-apoiar-2023.jpg\",\"contentUrl\":\"https:\/\/apoiar-stressdeguerra.com\/pt\/wp-content\/uploads\/2023\/07\/CDN-apoiar-2023.jpg\",\"width\":722,\"height\":391},{\"@type\":\"BreadcrumbList\",\"@id\":\"https:\/\/apoiar-stressdeguerra.com\/pt\/2023\/07\/19\/apoiar-na-comissao-defesa-nacional\/#breadcrumb\",\"itemListElement\":[{\"@type\":\"ListItem\",\"position\":1,\"name\":\"In\u00edcio\",\"item\":\"https:\/\/apoiar-stressdeguerra.com\/pt\/\"},{\"@type\":\"ListItem\",\"position\":2,\"name\":\"APOIAR na Comiss\u00e3o de Defesa Nacional\"}]},{\"@type\":\"WebSite\",\"@id\":\"https:\/\/apoiar-stressdeguerra.com\/pt\/#website\",\"url\":\"https:\/\/apoiar-stressdeguerra.com\/pt\/\",\"name\":\"APOIAR\",\"description\":\"Associa\u00e7\u00e3o de Apoio aos Ex-combatentes V\u00edtimas do Stress de Guerra.\",\"publisher\":{\"@id\":\"https:\/\/apoiar-stressdeguerra.com\/pt\/#organization\"},\"potentialAction\":[{\"@type\":\"SearchAction\",\"target\":{\"@type\":\"EntryPoint\",\"urlTemplate\":\"https:\/\/apoiar-stressdeguerra.com\/pt\/?s={search_term_string}\"},\"query-input\":{\"@type\":\"PropertyValueSpecification\",\"valueRequired\":true,\"valueName\":\"search_term_string\"}}],\"inLanguage\":\"pt-PT\"},{\"@type\":\"Organization\",\"@id\":\"https:\/\/apoiar-stressdeguerra.com\/pt\/#organization\",\"name\":\"APOIAR\",\"url\":\"https:\/\/apoiar-stressdeguerra.com\/pt\/\",\"logo\":{\"@type\":\"ImageObject\",\"inLanguage\":\"pt-PT\",\"@id\":\"https:\/\/apoiar-stressdeguerra.com\/pt\/#\/schema\/logo\/image\/\",\"url\":\"https:\/\/apoiar-stressdeguerra.com\/pt\/wp-content\/uploads\/2017\/03\/LOGO_tb_transparente.gif\",\"contentUrl\":\"https:\/\/apoiar-stressdeguerra.com\/pt\/wp-content\/uploads\/2017\/03\/LOGO_tb_transparente.gif\",\"width\":153,\"height\":59,\"caption\":\"APOIAR\"},\"image\":{\"@id\":\"https:\/\/apoiar-stressdeguerra.com\/pt\/#\/schema\/logo\/image\/\"},\"sameAs\":[\"https:\/\/www.facebook.com\/stressdeguerraapoiar\/\",\"https:\/\/x.com\/aapoiar\"]},{\"@type\":\"Person\",\"@id\":\"https:\/\/apoiar-stressdeguerra.com\/pt\/#\/schema\/person\/2a2075124c4f97ee5005d25282ae26ee\",\"name\":\"apoiar\",\"image\":{\"@type\":\"ImageObject\",\"inLanguage\":\"pt-PT\",\"@id\":\"https:\/\/apoiar-stressdeguerra.com\/pt\/#\/schema\/person\/image\/\",\"url\":\"https:\/\/secure.gravatar.com\/avatar\/ffa6c738212b72e4a4a5c378831188325983795de334672f7b3b222f864ffd8f?s=96&d=mm&r=g\",\"contentUrl\":\"https:\/\/secure.gravatar.com\/avatar\/ffa6c738212b72e4a4a5c378831188325983795de334672f7b3b222f864ffd8f?s=96&d=mm&r=g\",\"caption\":\"apoiar\"}}]}<\/script>\n<!-- \/ Yoast SEO plugin. -->","yoast_head_json":{"title":"APOIAR na Comiss\u00e3o de Defesa Nacional - APOIAR","robots":{"index":"index","follow":"follow","max-snippet":"max-snippet:-1","max-image-preview":"max-image-preview:large","max-video-preview":"max-video-preview:-1"},"canonical":"https:\/\/apoiar-stressdeguerra.com\/pt\/2023\/07\/19\/apoiar-na-comissao-defesa-nacional\/","og_locale":"pt_PT","og_type":"article","og_title":"APOIAR na Comiss\u00e3o de Defesa Nacional - APOIAR","og_description":"APOIAR foi ao Parlamento lembrar que h\u00e1 ainda muito por fazer A Comiss\u00e3o de Defesa Nacional do Parlamento convocou as Associa\u00e7\u00f5es de Combatentes para uma s\u00e9rie de audi\u00e7\u00f5es, de modo a fazer um levantamento da aplica\u00e7\u00e3o do Estatuto do Antigo Combatente. A Associa\u00e7\u00e3o APOIAR foi ouvida por deputados do PS, PSD e Chega. Por: Direc\u00e7\u00e3o Leia mais","og_url":"https:\/\/apoiar-stressdeguerra.com\/pt\/2023\/07\/19\/apoiar-na-comissao-defesa-nacional\/","og_site_name":"APOIAR","article_publisher":"https:\/\/www.facebook.com\/stressdeguerraapoiar\/","article_published_time":"2023-07-19T14:38:50+00:00","article_modified_time":"2023-07-19T15:12:42+00:00","og_image":[{"width":722,"height":391,"url":"https:\/\/apoiar-stressdeguerra.com\/pt\/wp-content\/uploads\/2023\/07\/CDN-apoiar-2023.jpg","type":"image\/jpeg"}],"author":"apoiar","twitter_card":"summary_large_image","twitter_creator":"@aapoiar","twitter_site":"@aapoiar","twitter_misc":{"Escrito por":"apoiar","Tempo estimado de leitura":"7 minutos"},"schema":{"@context":"https:\/\/schema.org","@graph":[{"@type":"Article","@id":"https:\/\/apoiar-stressdeguerra.com\/pt\/2023\/07\/19\/apoiar-na-comissao-defesa-nacional\/#article","isPartOf":{"@id":"https:\/\/apoiar-stressdeguerra.com\/pt\/2023\/07\/19\/apoiar-na-comissao-defesa-nacional\/"},"author":{"name":"apoiar","@id":"https:\/\/apoiar-stressdeguerra.com\/pt\/#\/schema\/person\/2a2075124c4f97ee5005d25282ae26ee"},"headline":"APOIAR na Comiss\u00e3o de Defesa Nacional","datePublished":"2023-07-19T14:38:50+00:00","dateModified":"2023-07-19T15:12:42+00:00","mainEntityOfPage":{"@id":"https:\/\/apoiar-stressdeguerra.com\/pt\/2023\/07\/19\/apoiar-na-comissao-defesa-nacional\/"},"wordCount":1333,"commentCount":0,"publisher":{"@id":"https:\/\/apoiar-stressdeguerra.com\/pt\/#organization"},"image":{"@id":"https:\/\/apoiar-stressdeguerra.com\/pt\/2023\/07\/19\/apoiar-na-comissao-defesa-nacional\/#primaryimage"},"thumbnailUrl":"https:\/\/apoiar-stressdeguerra.com\/pt\/wp-content\/uploads\/2023\/07\/CDN-apoiar-2023.jpg","keywords":["APOIAR","Deficientes das For\u00e7as Armadas","Estatuto do Antigo Combatente","Ex-combatentes","Guerra Colonial","Minist\u00e9rio da Defesa","Stress de Guerra"],"articleSection":["Not\u00edcias"],"inLanguage":"pt-PT","potentialAction":[{"@type":"CommentAction","name":"Comment","target":["https:\/\/apoiar-stressdeguerra.com\/pt\/2023\/07\/19\/apoiar-na-comissao-defesa-nacional\/#respond"]}]},{"@type":"WebPage","@id":"https:\/\/apoiar-stressdeguerra.com\/pt\/2023\/07\/19\/apoiar-na-comissao-defesa-nacional\/","url":"https:\/\/apoiar-stressdeguerra.com\/pt\/2023\/07\/19\/apoiar-na-comissao-defesa-nacional\/","name":"APOIAR na Comiss\u00e3o de Defesa Nacional - APOIAR","isPartOf":{"@id":"https:\/\/apoiar-stressdeguerra.com\/pt\/#website"},"primaryImageOfPage":{"@id":"https:\/\/apoiar-stressdeguerra.com\/pt\/2023\/07\/19\/apoiar-na-comissao-defesa-nacional\/#primaryimage"},"image":{"@id":"https:\/\/apoiar-stressdeguerra.com\/pt\/2023\/07\/19\/apoiar-na-comissao-defesa-nacional\/#primaryimage"},"thumbnailUrl":"https:\/\/apoiar-stressdeguerra.com\/pt\/wp-content\/uploads\/2023\/07\/CDN-apoiar-2023.jpg","datePublished":"2023-07-19T14:38:50+00:00","dateModified":"2023-07-19T15:12:42+00:00","breadcrumb":{"@id":"https:\/\/apoiar-stressdeguerra.com\/pt\/2023\/07\/19\/apoiar-na-comissao-defesa-nacional\/#breadcrumb"},"inLanguage":"pt-PT","potentialAction":[{"@type":"ReadAction","target":["https:\/\/apoiar-stressdeguerra.com\/pt\/2023\/07\/19\/apoiar-na-comissao-defesa-nacional\/"]}]},{"@type":"ImageObject","inLanguage":"pt-PT","@id":"https:\/\/apoiar-stressdeguerra.com\/pt\/2023\/07\/19\/apoiar-na-comissao-defesa-nacional\/#primaryimage","url":"https:\/\/apoiar-stressdeguerra.com\/pt\/wp-content\/uploads\/2023\/07\/CDN-apoiar-2023.jpg","contentUrl":"https:\/\/apoiar-stressdeguerra.com\/pt\/wp-content\/uploads\/2023\/07\/CDN-apoiar-2023.jpg","width":722,"height":391},{"@type":"BreadcrumbList","@id":"https:\/\/apoiar-stressdeguerra.com\/pt\/2023\/07\/19\/apoiar-na-comissao-defesa-nacional\/#breadcrumb","itemListElement":[{"@type":"ListItem","position":1,"name":"In\u00edcio","item":"https:\/\/apoiar-stressdeguerra.com\/pt\/"},{"@type":"ListItem","position":2,"name":"APOIAR na Comiss\u00e3o de Defesa Nacional"}]},{"@type":"WebSite","@id":"https:\/\/apoiar-stressdeguerra.com\/pt\/#website","url":"https:\/\/apoiar-stressdeguerra.com\/pt\/","name":"APOIAR","description":"Associa\u00e7\u00e3o de Apoio aos Ex-combatentes V\u00edtimas do Stress de Guerra.","publisher":{"@id":"https:\/\/apoiar-stressdeguerra.com\/pt\/#organization"},"potentialAction":[{"@type":"SearchAction","target":{"@type":"EntryPoint","urlTemplate":"https:\/\/apoiar-stressdeguerra.com\/pt\/?s={search_term_string}"},"query-input":{"@type":"PropertyValueSpecification","valueRequired":true,"valueName":"search_term_string"}}],"inLanguage":"pt-PT"},{"@type":"Organization","@id":"https:\/\/apoiar-stressdeguerra.com\/pt\/#organization","name":"APOIAR","url":"https:\/\/apoiar-stressdeguerra.com\/pt\/","logo":{"@type":"ImageObject","inLanguage":"pt-PT","@id":"https:\/\/apoiar-stressdeguerra.com\/pt\/#\/schema\/logo\/image\/","url":"https:\/\/apoiar-stressdeguerra.com\/pt\/wp-content\/uploads\/2017\/03\/LOGO_tb_transparente.gif","contentUrl":"https:\/\/apoiar-stressdeguerra.com\/pt\/wp-content\/uploads\/2017\/03\/LOGO_tb_transparente.gif","width":153,"height":59,"caption":"APOIAR"},"image":{"@id":"https:\/\/apoiar-stressdeguerra.com\/pt\/#\/schema\/logo\/image\/"},"sameAs":["https:\/\/www.facebook.com\/stressdeguerraapoiar\/","https:\/\/x.com\/aapoiar"]},{"@type":"Person","@id":"https:\/\/apoiar-stressdeguerra.com\/pt\/#\/schema\/person\/2a2075124c4f97ee5005d25282ae26ee","name":"apoiar","image":{"@type":"ImageObject","inLanguage":"pt-PT","@id":"https:\/\/apoiar-stressdeguerra.com\/pt\/#\/schema\/person\/image\/","url":"https:\/\/secure.gravatar.com\/avatar\/ffa6c738212b72e4a4a5c378831188325983795de334672f7b3b222f864ffd8f?s=96&d=mm&r=g","contentUrl":"https:\/\/secure.gravatar.com\/avatar\/ffa6c738212b72e4a4a5c378831188325983795de334672f7b3b222f864ffd8f?s=96&d=mm&r=g","caption":"apoiar"}}]}},"_links":{"self":[{"href":"https:\/\/apoiar-stressdeguerra.com\/pt\/wp-json\/wp\/v2\/posts\/1930","targetHints":{"allow":["GET"]}}],"collection":[{"href":"https:\/\/apoiar-stressdeguerra.com\/pt\/wp-json\/wp\/v2\/posts"}],"about":[{"href":"https:\/\/apoiar-stressdeguerra.com\/pt\/wp-json\/wp\/v2\/types\/post"}],"author":[{"embeddable":true,"href":"https:\/\/apoiar-stressdeguerra.com\/pt\/wp-json\/wp\/v2\/users\/1"}],"replies":[{"embeddable":true,"href":"https:\/\/apoiar-stressdeguerra.com\/pt\/wp-json\/wp\/v2\/comments?post=1930"}],"version-history":[{"count":5,"href":"https:\/\/apoiar-stressdeguerra.com\/pt\/wp-json\/wp\/v2\/posts\/1930\/revisions"}],"predecessor-version":[{"id":1937,"href":"https:\/\/apoiar-stressdeguerra.com\/pt\/wp-json\/wp\/v2\/posts\/1930\/revisions\/1937"}],"wp:attachment":[{"href":"https:\/\/apoiar-stressdeguerra.com\/pt\/wp-json\/wp\/v2\/media?parent=1930"}],"wp:term":[{"taxonomy":"category","embeddable":true,"href":"https:\/\/apoiar-stressdeguerra.com\/pt\/wp-json\/wp\/v2\/categories?post=1930"},{"taxonomy":"post_tag","embeddable":true,"href":"https:\/\/apoiar-stressdeguerra.com\/pt\/wp-json\/wp\/v2\/tags?post=1930"}],"curies":[{"name":"wp","href":"https:\/\/api.w.org\/{rel}","templated":true}]}}