{"id":1935,"date":"2023-07-19T15:20:02","date_gmt":"2023-07-19T15:20:02","guid":{"rendered":"https:\/\/apoiar-stressdeguerra.com\/pt\/?p=1935"},"modified":"2023-07-19T15:23:09","modified_gmt":"2023-07-19T15:23:09","slug":"plataforma-mobilidade-i-am-willer","status":"publish","type":"post","link":"https:\/\/apoiar-stressdeguerra.com\/pt\/2023\/07\/19\/plataforma-mobilidade-i-am-willer\/","title":{"rendered":"Plataforma de mobilidade &#8220;I am a Willer&#8221;"},"content":{"rendered":"<h4>A APOIAR celebrou um protocolo de colabora\u00e7\u00e3o e divulga\u00e7\u00e3o com um projecto italiano de solidariedade colaborativa na \u00e1rea da mobilidade. A Willeasy pretende fazer um mapa das acessibilidades das grandes cidades, criando uma <b>plataforma que informe as pessoas com mobilidade reduzida <\/b>quais os acessos e dificuldades nos grandes centros urbanos.<\/h4>\n<p>&nbsp;<\/p>\n<p style=\"text-align: center;\"><b>QUEM \u00c9\u00a0WILLEASY<\/b><\/p>\n<p>&nbsp;<\/p>\n<p><img loading=\"lazy\" decoding=\"async\" class=\"alignright\" style=\"font-style: inherit;\" src=\"https:\/\/app.iamawiller.com\/static\/home\/img\/people.png\" width=\"507\" height=\"286\" \/><\/p>\n<p>Willeasy \u00e9 uma empresa inovadora de voca\u00e7\u00e3o social com sede em It\u00e1lia, criada com o objectivo de resolver o problema da falta de informa\u00e7\u00e3o precisa e verificada sobre a acessibilidade de lugares, instala\u00e7\u00f5es e eventos.<\/p>\n<p>Willeasy foi fundada em 2018 por William Del Negro, uma pessoa com defici\u00eancia de mobilidade, que foi capaz de transformar as suas pr\u00f3prias necessidades e experi\u00eancias em oportunidades para melhorar a vida de muitas outras pessoas. Willeasy\u00a0recolhe, processa e disponibiliza estas informa\u00e7\u00f5es para todos, a fim de que cada pessoa com necessidades especiais possa escolher livremente o local mais adequado para si.<\/p>\n<p>Salientamos que apenas recolhemos dados objectivos e n\u00e3o fazemos julgamentos sobre a acessibilidade dos locais. Cientes de que as necessidades das pessoas s\u00e3o a melhor express\u00e3o da individualidade subjectiva, oferecemos informa\u00e7\u00f5es necess\u00e1rias para decidir serenamente se um lugar, um evento ou uma experi\u00eancia tur\u00edstica \u00e9 ou n\u00e3o adequado para as pr\u00f3prias exig\u00eancias.<br \/>\nComo sabem, sobretudo as pessoas com defici\u00eancia desistem frequentemente de sair ou experimentar novos lugares ou de ir de f\u00e9rias pelo medo de que o lugar n\u00e3o seja adequado \u00e0s pr\u00f3prias necessidades.<\/p>\n<p style=\"text-align: center;\"><b>O QUE \u00c9 O VOXPOP<\/b><\/p>\n<p><img loading=\"lazy\" decoding=\"async\" class=\"size-large alignleft\" src=\"https:\/\/www.emel.pt\/fotos\/projectos\/logo_thumbnail_180x140px-01-01_3215403765ffda98c69f5b.png\" width=\"375\" height=\"292\" \/><\/p>\n<p>VoxPop \u00e9 um projecto europeu sobre a inova\u00e7\u00e3o digital no sistema de mobilidade urbana da cidade de Lisboa e pretende criar solu\u00e7\u00f5es de mobilidade que satisfa\u00e7am os pedidos das pessoas que vivem, estudam, trabalham e visitam Lisboa.<\/p>\n<p>A ambi\u00e7\u00e3o do projecto VoxPop \u00e9 acelerar a transi\u00e7\u00e3o digital do sistema de mobilidade da cidade com o desenvolvimento de um modelo de gest\u00e3o mais colaborativo, baseado em ferramentas digitais que permitam planeamento, opera\u00e7\u00e3o e manuten\u00e7\u00e3o mais eficientes da infra-estrutura dos transportes.<\/p>\n<p>&nbsp;<\/p>\n<p><b>Um dos pontos-chave do projecto \u00e9 a cria\u00e7\u00e3o de solu\u00e7\u00f5es de mobilidade centradas nas pessoas que efectivamente as utilizam.<br \/>\nMais informa\u00e7\u00f5es sobre VoxPop podem ser encontradas no sito<br \/>\n<\/b><\/p>\n<h2 style=\"text-align: center;\"><a href=\"https:\/\/www.voxpoplisboa.pt\/\" target=\"_blank\" rel=\"noopener\"><span style=\"color: #3366ff;\"><b>https:\/\/www.voxpoplisboa.pt\/<\/b><\/span><\/a><\/h2>\n<p>A aplica\u00e7\u00e3o pode ser acedida sem instala\u00e7\u00e3o atrav\u00e9s da seguinte liga\u00e7\u00e3o:<\/p>\n<h2 style=\"text-align: center;\"><a href=\"https:\/\/app.iamawiller.com\/pt\/\" target=\"_blank\" rel=\"noopener\"><b><span style=\"color: #3366ff;\">https:\/\/app.iamawiller.com\/pt\/<\/span> <\/b><\/a><\/h2>\n<p>&nbsp;<\/p>\n<p>&nbsp;<\/p>\n","protected":false},"excerpt":{"rendered":"<p>A APOIAR celebrou um protocolo de colabora\u00e7\u00e3o e divulga\u00e7\u00e3o com um projecto italiano de solidariedade colaborativa na \u00e1rea da mobilidade. A Willeasy pretende fazer um mapa das acessibilidades das grandes cidades, criando uma plataforma que informe as pessoas com mobilidade reduzida quais os acessos e dificuldades nos grandes centros urbanos. &nbsp; QUEM \u00c9\u00a0WILLEASY &nbsp; Willeasy <a class=\"read-more\" href=\"https:\/\/apoiar-stressdeguerra.com\/pt\/2023\/07\/19\/plataforma-mobilidade-i-am-willer\/\">Leia mais<\/a><\/p>\n","protected":false},"author":1,"featured_media":0,"comment_status":"open","ping_status":"open","sticky":false,"template":"","format":"standard","meta":{"_uf_show_specific_survey":0,"_uf_disable_surveys":false,"footnotes":""},"categories":[18],"tags":[102,101,53],"class_list":["post-1935","post","type-post","status-publish","format-standard","hentry","category-noticias","tag-acessibilidade","tag-mobilidade","tag-solidariedade"],"yoast_head":"<!-- This site is optimized with the Yoast SEO plugin v26.8 - https:\/\/yoast.com\/product\/yoast-seo-wordpress\/ -->\n<title>Plataforma de mobilidade &quot;I am a Willer&quot; - APOIAR<\/title>\n<meta name=\"robots\" content=\"index, follow, max-snippet:-1, max-image-preview:large, max-video-preview:-1\" \/>\n<link rel=\"canonical\" href=\"https:\/\/apoiar-stressdeguerra.com\/pt\/2023\/07\/19\/plataforma-mobilidade-i-am-willer\/\" \/>\n<meta property=\"og:locale\" content=\"pt_PT\" \/>\n<meta property=\"og:type\" content=\"article\" \/>\n<meta property=\"og:title\" content=\"Plataforma de mobilidade &quot;I am a Willer&quot; - APOIAR\" \/>\n<meta property=\"og:description\" content=\"A APOIAR celebrou um protocolo de colabora\u00e7\u00e3o e divulga\u00e7\u00e3o com um projecto italiano de solidariedade colaborativa na \u00e1rea da mobilidade. A Willeasy pretende fazer um mapa das acessibilidades das grandes cidades, criando uma plataforma que informe as pessoas com mobilidade reduzida quais os acessos e dificuldades nos grandes centros urbanos. &nbsp; QUEM \u00c9\u00a0WILLEASY &nbsp; Willeasy Leia mais\" \/>\n<meta property=\"og:url\" content=\"https:\/\/apoiar-stressdeguerra.com\/pt\/2023\/07\/19\/plataforma-mobilidade-i-am-willer\/\" \/>\n<meta property=\"og:site_name\" content=\"APOIAR\" \/>\n<meta property=\"article:publisher\" content=\"https:\/\/www.facebook.com\/stressdeguerraapoiar\/\" \/>\n<meta property=\"article:published_time\" content=\"2023-07-19T15:20:02+00:00\" \/>\n<meta property=\"article:modified_time\" content=\"2023-07-19T15:23:09+00:00\" \/>\n<meta property=\"og:image\" content=\"https:\/\/app.iamawiller.com\/static\/home\/img\/people.png\" \/>\n<meta name=\"author\" content=\"apoiar\" \/>\n<meta name=\"twitter:card\" content=\"summary_large_image\" \/>\n<meta name=\"twitter:creator\" content=\"@aapoiar\" \/>\n<meta name=\"twitter:site\" content=\"@aapoiar\" \/>\n<meta name=\"twitter:label1\" content=\"Escrito por\" \/>\n\t<meta name=\"twitter:data1\" content=\"apoiar\" \/>\n\t<meta name=\"twitter:label2\" content=\"Tempo estimado de leitura\" \/>\n\t<meta name=\"twitter:data2\" content=\"2 minutos\" \/>\n<script type=\"application\/ld+json\" class=\"yoast-schema-graph\">{\"@context\":\"https:\/\/schema.org\",\"@graph\":[{\"@type\":\"Article\",\"@id\":\"https:\/\/apoiar-stressdeguerra.com\/pt\/2023\/07\/19\/plataforma-mobilidade-i-am-willer\/#article\",\"isPartOf\":{\"@id\":\"https:\/\/apoiar-stressdeguerra.com\/pt\/2023\/07\/19\/plataforma-mobilidade-i-am-willer\/\"},\"author\":{\"name\":\"apoiar\",\"@id\":\"https:\/\/apoiar-stressdeguerra.com\/pt\/#\/schema\/person\/2a2075124c4f97ee5005d25282ae26ee\"},\"headline\":\"Plataforma de mobilidade &#8220;I am a Willer&#8221;\",\"datePublished\":\"2023-07-19T15:20:02+00:00\",\"dateModified\":\"2023-07-19T15:23:09+00:00\",\"mainEntityOfPage\":{\"@id\":\"https:\/\/apoiar-stressdeguerra.com\/pt\/2023\/07\/19\/plataforma-mobilidade-i-am-willer\/\"},\"wordCount\":410,\"commentCount\":0,\"publisher\":{\"@id\":\"https:\/\/apoiar-stressdeguerra.com\/pt\/#organization\"},\"image\":{\"@id\":\"https:\/\/apoiar-stressdeguerra.com\/pt\/2023\/07\/19\/plataforma-mobilidade-i-am-willer\/#primaryimage\"},\"thumbnailUrl\":\"https:\/\/app.iamawiller.com\/static\/home\/img\/people.png\",\"keywords\":[\"Acessibilidade\",\"Mobilidade\",\"Solidariedade\"],\"articleSection\":[\"Not\u00edcias\"],\"inLanguage\":\"pt-PT\",\"potentialAction\":[{\"@type\":\"CommentAction\",\"name\":\"Comment\",\"target\":[\"https:\/\/apoiar-stressdeguerra.com\/pt\/2023\/07\/19\/plataforma-mobilidade-i-am-willer\/#respond\"]}]},{\"@type\":\"WebPage\",\"@id\":\"https:\/\/apoiar-stressdeguerra.com\/pt\/2023\/07\/19\/plataforma-mobilidade-i-am-willer\/\",\"url\":\"https:\/\/apoiar-stressdeguerra.com\/pt\/2023\/07\/19\/plataforma-mobilidade-i-am-willer\/\",\"name\":\"Plataforma de mobilidade \\\"I am a Willer\\\" - APOIAR\",\"isPartOf\":{\"@id\":\"https:\/\/apoiar-stressdeguerra.com\/pt\/#website\"},\"primaryImageOfPage\":{\"@id\":\"https:\/\/apoiar-stressdeguerra.com\/pt\/2023\/07\/19\/plataforma-mobilidade-i-am-willer\/#primaryimage\"},\"image\":{\"@id\":\"https:\/\/apoiar-stressdeguerra.com\/pt\/2023\/07\/19\/plataforma-mobilidade-i-am-willer\/#primaryimage\"},\"thumbnailUrl\":\"https:\/\/app.iamawiller.com\/static\/home\/img\/people.png\",\"datePublished\":\"2023-07-19T15:20:02+00:00\",\"dateModified\":\"2023-07-19T15:23:09+00:00\",\"breadcrumb\":{\"@id\":\"https:\/\/apoiar-stressdeguerra.com\/pt\/2023\/07\/19\/plataforma-mobilidade-i-am-willer\/#breadcrumb\"},\"inLanguage\":\"pt-PT\",\"potentialAction\":[{\"@type\":\"ReadAction\",\"target\":[\"https:\/\/apoiar-stressdeguerra.com\/pt\/2023\/07\/19\/plataforma-mobilidade-i-am-willer\/\"]}]},{\"@type\":\"ImageObject\",\"inLanguage\":\"pt-PT\",\"@id\":\"https:\/\/apoiar-stressdeguerra.com\/pt\/2023\/07\/19\/plataforma-mobilidade-i-am-willer\/#primaryimage\",\"url\":\"https:\/\/app.iamawiller.com\/static\/home\/img\/people.png\",\"contentUrl\":\"https:\/\/app.iamawiller.com\/static\/home\/img\/people.png\"},{\"@type\":\"BreadcrumbList\",\"@id\":\"https:\/\/apoiar-stressdeguerra.com\/pt\/2023\/07\/19\/plataforma-mobilidade-i-am-willer\/#breadcrumb\",\"itemListElement\":[{\"@type\":\"ListItem\",\"position\":1,\"name\":\"In\u00edcio\",\"item\":\"https:\/\/apoiar-stressdeguerra.com\/pt\/\"},{\"@type\":\"ListItem\",\"position\":2,\"name\":\"Plataforma de mobilidade &#8220;I am a Willer&#8221;\"}]},{\"@type\":\"WebSite\",\"@id\":\"https:\/\/apoiar-stressdeguerra.com\/pt\/#website\",\"url\":\"https:\/\/apoiar-stressdeguerra.com\/pt\/\",\"name\":\"APOIAR\",\"description\":\"Associa\u00e7\u00e3o de Apoio aos Ex-combatentes V\u00edtimas do Stress de Guerra.\",\"publisher\":{\"@id\":\"https:\/\/apoiar-stressdeguerra.com\/pt\/#organization\"},\"potentialAction\":[{\"@type\":\"SearchAction\",\"target\":{\"@type\":\"EntryPoint\",\"urlTemplate\":\"https:\/\/apoiar-stressdeguerra.com\/pt\/?s={search_term_string}\"},\"query-input\":{\"@type\":\"PropertyValueSpecification\",\"valueRequired\":true,\"valueName\":\"search_term_string\"}}],\"inLanguage\":\"pt-PT\"},{\"@type\":\"Organization\",\"@id\":\"https:\/\/apoiar-stressdeguerra.com\/pt\/#organization\",\"name\":\"APOIAR\",\"url\":\"https:\/\/apoiar-stressdeguerra.com\/pt\/\",\"logo\":{\"@type\":\"ImageObject\",\"inLanguage\":\"pt-PT\",\"@id\":\"https:\/\/apoiar-stressdeguerra.com\/pt\/#\/schema\/logo\/image\/\",\"url\":\"https:\/\/apoiar-stressdeguerra.com\/pt\/wp-content\/uploads\/2017\/03\/LOGO_tb_transparente.gif\",\"contentUrl\":\"https:\/\/apoiar-stressdeguerra.com\/pt\/wp-content\/uploads\/2017\/03\/LOGO_tb_transparente.gif\",\"width\":153,\"height\":59,\"caption\":\"APOIAR\"},\"image\":{\"@id\":\"https:\/\/apoiar-stressdeguerra.com\/pt\/#\/schema\/logo\/image\/\"},\"sameAs\":[\"https:\/\/www.facebook.com\/stressdeguerraapoiar\/\",\"https:\/\/x.com\/aapoiar\"]},{\"@type\":\"Person\",\"@id\":\"https:\/\/apoiar-stressdeguerra.com\/pt\/#\/schema\/person\/2a2075124c4f97ee5005d25282ae26ee\",\"name\":\"apoiar\",\"image\":{\"@type\":\"ImageObject\",\"inLanguage\":\"pt-PT\",\"@id\":\"https:\/\/apoiar-stressdeguerra.com\/pt\/#\/schema\/person\/image\/\",\"url\":\"https:\/\/secure.gravatar.com\/avatar\/ffa6c738212b72e4a4a5c378831188325983795de334672f7b3b222f864ffd8f?s=96&d=mm&r=g\",\"contentUrl\":\"https:\/\/secure.gravatar.com\/avatar\/ffa6c738212b72e4a4a5c378831188325983795de334672f7b3b222f864ffd8f?s=96&d=mm&r=g\",\"caption\":\"apoiar\"}}]}<\/script>\n<!-- \/ Yoast SEO plugin. -->","yoast_head_json":{"title":"Plataforma de mobilidade \"I am a Willer\" - APOIAR","robots":{"index":"index","follow":"follow","max-snippet":"max-snippet:-1","max-image-preview":"max-image-preview:large","max-video-preview":"max-video-preview:-1"},"canonical":"https:\/\/apoiar-stressdeguerra.com\/pt\/2023\/07\/19\/plataforma-mobilidade-i-am-willer\/","og_locale":"pt_PT","og_type":"article","og_title":"Plataforma de mobilidade \"I am a Willer\" - APOIAR","og_description":"A APOIAR celebrou um protocolo de colabora\u00e7\u00e3o e divulga\u00e7\u00e3o com um projecto italiano de solidariedade colaborativa na \u00e1rea da mobilidade. A Willeasy pretende fazer um mapa das acessibilidades das grandes cidades, criando uma plataforma que informe as pessoas com mobilidade reduzida quais os acessos e dificuldades nos grandes centros urbanos. &nbsp; QUEM \u00c9\u00a0WILLEASY &nbsp; Willeasy Leia mais","og_url":"https:\/\/apoiar-stressdeguerra.com\/pt\/2023\/07\/19\/plataforma-mobilidade-i-am-willer\/","og_site_name":"APOIAR","article_publisher":"https:\/\/www.facebook.com\/stressdeguerraapoiar\/","article_published_time":"2023-07-19T15:20:02+00:00","article_modified_time":"2023-07-19T15:23:09+00:00","og_image":[{"url":"https:\/\/app.iamawiller.com\/static\/home\/img\/people.png","type":"","width":"","height":""}],"author":"apoiar","twitter_card":"summary_large_image","twitter_creator":"@aapoiar","twitter_site":"@aapoiar","twitter_misc":{"Escrito por":"apoiar","Tempo estimado de leitura":"2 minutos"},"schema":{"@context":"https:\/\/schema.org","@graph":[{"@type":"Article","@id":"https:\/\/apoiar-stressdeguerra.com\/pt\/2023\/07\/19\/plataforma-mobilidade-i-am-willer\/#article","isPartOf":{"@id":"https:\/\/apoiar-stressdeguerra.com\/pt\/2023\/07\/19\/plataforma-mobilidade-i-am-willer\/"},"author":{"name":"apoiar","@id":"https:\/\/apoiar-stressdeguerra.com\/pt\/#\/schema\/person\/2a2075124c4f97ee5005d25282ae26ee"},"headline":"Plataforma de mobilidade &#8220;I am a Willer&#8221;","datePublished":"2023-07-19T15:20:02+00:00","dateModified":"2023-07-19T15:23:09+00:00","mainEntityOfPage":{"@id":"https:\/\/apoiar-stressdeguerra.com\/pt\/2023\/07\/19\/plataforma-mobilidade-i-am-willer\/"},"wordCount":410,"commentCount":0,"publisher":{"@id":"https:\/\/apoiar-stressdeguerra.com\/pt\/#organization"},"image":{"@id":"https:\/\/apoiar-stressdeguerra.com\/pt\/2023\/07\/19\/plataforma-mobilidade-i-am-willer\/#primaryimage"},"thumbnailUrl":"https:\/\/app.iamawiller.com\/static\/home\/img\/people.png","keywords":["Acessibilidade","Mobilidade","Solidariedade"],"articleSection":["Not\u00edcias"],"inLanguage":"pt-PT","potentialAction":[{"@type":"CommentAction","name":"Comment","target":["https:\/\/apoiar-stressdeguerra.com\/pt\/2023\/07\/19\/plataforma-mobilidade-i-am-willer\/#respond"]}]},{"@type":"WebPage","@id":"https:\/\/apoiar-stressdeguerra.com\/pt\/2023\/07\/19\/plataforma-mobilidade-i-am-willer\/","url":"https:\/\/apoiar-stressdeguerra.com\/pt\/2023\/07\/19\/plataforma-mobilidade-i-am-willer\/","name":"Plataforma de mobilidade \"I am a Willer\" - APOIAR","isPartOf":{"@id":"https:\/\/apoiar-stressdeguerra.com\/pt\/#website"},"primaryImageOfPage":{"@id":"https:\/\/apoiar-stressdeguerra.com\/pt\/2023\/07\/19\/plataforma-mobilidade-i-am-willer\/#primaryimage"},"image":{"@id":"https:\/\/apoiar-stressdeguerra.com\/pt\/2023\/07\/19\/plataforma-mobilidade-i-am-willer\/#primaryimage"},"thumbnailUrl":"https:\/\/app.iamawiller.com\/static\/home\/img\/people.png","datePublished":"2023-07-19T15:20:02+00:00","dateModified":"2023-07-19T15:23:09+00:00","breadcrumb":{"@id":"https:\/\/apoiar-stressdeguerra.com\/pt\/2023\/07\/19\/plataforma-mobilidade-i-am-willer\/#breadcrumb"},"inLanguage":"pt-PT","potentialAction":[{"@type":"ReadAction","target":["https:\/\/apoiar-stressdeguerra.com\/pt\/2023\/07\/19\/plataforma-mobilidade-i-am-willer\/"]}]},{"@type":"ImageObject","inLanguage":"pt-PT","@id":"https:\/\/apoiar-stressdeguerra.com\/pt\/2023\/07\/19\/plataforma-mobilidade-i-am-willer\/#primaryimage","url":"https:\/\/app.iamawiller.com\/static\/home\/img\/people.png","contentUrl":"https:\/\/app.iamawiller.com\/static\/home\/img\/people.png"},{"@type":"BreadcrumbList","@id":"https:\/\/apoiar-stressdeguerra.com\/pt\/2023\/07\/19\/plataforma-mobilidade-i-am-willer\/#breadcrumb","itemListElement":[{"@type":"ListItem","position":1,"name":"In\u00edcio","item":"https:\/\/apoiar-stressdeguerra.com\/pt\/"},{"@type":"ListItem","position":2,"name":"Plataforma de mobilidade &#8220;I am a Willer&#8221;"}]},{"@type":"WebSite","@id":"https:\/\/apoiar-stressdeguerra.com\/pt\/#website","url":"https:\/\/apoiar-stressdeguerra.com\/pt\/","name":"APOIAR","description":"Associa\u00e7\u00e3o de Apoio aos Ex-combatentes V\u00edtimas do Stress de Guerra.","publisher":{"@id":"https:\/\/apoiar-stressdeguerra.com\/pt\/#organization"},"potentialAction":[{"@type":"SearchAction","target":{"@type":"EntryPoint","urlTemplate":"https:\/\/apoiar-stressdeguerra.com\/pt\/?s={search_term_string}"},"query-input":{"@type":"PropertyValueSpecification","valueRequired":true,"valueName":"search_term_string"}}],"inLanguage":"pt-PT"},{"@type":"Organization","@id":"https:\/\/apoiar-stressdeguerra.com\/pt\/#organization","name":"APOIAR","url":"https:\/\/apoiar-stressdeguerra.com\/pt\/","logo":{"@type":"ImageObject","inLanguage":"pt-PT","@id":"https:\/\/apoiar-stressdeguerra.com\/pt\/#\/schema\/logo\/image\/","url":"https:\/\/apoiar-stressdeguerra.com\/pt\/wp-content\/uploads\/2017\/03\/LOGO_tb_transparente.gif","contentUrl":"https:\/\/apoiar-stressdeguerra.com\/pt\/wp-content\/uploads\/2017\/03\/LOGO_tb_transparente.gif","width":153,"height":59,"caption":"APOIAR"},"image":{"@id":"https:\/\/apoiar-stressdeguerra.com\/pt\/#\/schema\/logo\/image\/"},"sameAs":["https:\/\/www.facebook.com\/stressdeguerraapoiar\/","https:\/\/x.com\/aapoiar"]},{"@type":"Person","@id":"https:\/\/apoiar-stressdeguerra.com\/pt\/#\/schema\/person\/2a2075124c4f97ee5005d25282ae26ee","name":"apoiar","image":{"@type":"ImageObject","inLanguage":"pt-PT","@id":"https:\/\/apoiar-stressdeguerra.com\/pt\/#\/schema\/person\/image\/","url":"https:\/\/secure.gravatar.com\/avatar\/ffa6c738212b72e4a4a5c378831188325983795de334672f7b3b222f864ffd8f?s=96&d=mm&r=g","contentUrl":"https:\/\/secure.gravatar.com\/avatar\/ffa6c738212b72e4a4a5c378831188325983795de334672f7b3b222f864ffd8f?s=96&d=mm&r=g","caption":"apoiar"}}]}},"_links":{"self":[{"href":"https:\/\/apoiar-stressdeguerra.com\/pt\/wp-json\/wp\/v2\/posts\/1935","targetHints":{"allow":["GET"]}}],"collection":[{"href":"https:\/\/apoiar-stressdeguerra.com\/pt\/wp-json\/wp\/v2\/posts"}],"about":[{"href":"https:\/\/apoiar-stressdeguerra.com\/pt\/wp-json\/wp\/v2\/types\/post"}],"author":[{"embeddable":true,"href":"https:\/\/apoiar-stressdeguerra.com\/pt\/wp-json\/wp\/v2\/users\/1"}],"replies":[{"embeddable":true,"href":"https:\/\/apoiar-stressdeguerra.com\/pt\/wp-json\/wp\/v2\/comments?post=1935"}],"version-history":[{"count":8,"href":"https:\/\/apoiar-stressdeguerra.com\/pt\/wp-json\/wp\/v2\/posts\/1935\/revisions"}],"predecessor-version":[{"id":1945,"href":"https:\/\/apoiar-stressdeguerra.com\/pt\/wp-json\/wp\/v2\/posts\/1935\/revisions\/1945"}],"wp:attachment":[{"href":"https:\/\/apoiar-stressdeguerra.com\/pt\/wp-json\/wp\/v2\/media?parent=1935"}],"wp:term":[{"taxonomy":"category","embeddable":true,"href":"https:\/\/apoiar-stressdeguerra.com\/pt\/wp-json\/wp\/v2\/categories?post=1935"},{"taxonomy":"post_tag","embeddable":true,"href":"https:\/\/apoiar-stressdeguerra.com\/pt\/wp-json\/wp\/v2\/tags?post=1935"}],"curies":[{"name":"wp","href":"https:\/\/api.w.org\/{rel}","templated":true}]}}