{"id":2114,"date":"2024-04-15T09:10:44","date_gmt":"2024-04-15T09:10:44","guid":{"rendered":"https:\/\/apoiar-stressdeguerra.com\/pt\/?p=2114"},"modified":"2024-04-15T09:10:44","modified_gmt":"2024-04-15T09:10:44","slug":"associacao-apoiar-assinala-30-anos-existencia-dia-18-abril","status":"publish","type":"post","link":"https:\/\/apoiar-stressdeguerra.com\/pt\/2024\/04\/15\/associacao-apoiar-assinala-30-anos-existencia-dia-18-abril\/","title":{"rendered":"Associa\u00e7\u00e3o APOIAR assinala 30 anos de exist\u00eancia dia 18 de Abril"},"content":{"rendered":"<p>A APOIAR \u2013 Associa\u00e7\u00e3o de Apoio aos Ex-Combatentes V\u00edtimas do Stress de Guerra, legalmente constitu\u00edda como IPSS com Estatuto de Utilidade P\u00fablica, em 1994, vai comemorar o seu 30\u00ba anivers\u00e1rio no pr\u00f3ximo dia 18 de Abril de 2024 \u00e0s 15:00 no audit\u00f3rio do Hospital J\u00falio de matos, em Lisboa.<\/p>\n<p>No ano em que se comemoram 50 anos do 25 de Abril de 1974, em que se que assinala tamb\u00e9m o fim da Guerra Colonial, a Associa\u00e7\u00e3o APOIAR comemora as suas tr\u00eas d\u00e9cadas de exist\u00eancia no apoio \u00e0s v\u00edtimas de stress p\u00f3s traum\u00e1tico, militares portugueses e suas fam\u00edlias, que sofreram as consequ\u00eancias de terem estado em combate ao servi\u00e7o de Portugal ao longo das \u00faltimas d\u00e9cadas.<\/p>\n<p>As comemora\u00e7\u00f5es realizam-se no Audit\u00f3rio principal do Hospital J\u00falio de Matos, no Centro Hospitalar Psiqui\u00e1trico de Lisboa, local onde a Associa\u00e7\u00e3o nasceu a 18 de Abril de 1994. Contar\u00e1 com a presen\u00e7a de Catarina Sarmento e Castro, ex-Ministra da Justi\u00e7a e Ex-secret\u00e1ria de Estado da Defesa Nacional que em 2020 trouxe \u00e0 luz do dia o Estatuto de Antigo Combatente.<\/p>\n<p>As comemora\u00e7\u00f5es contam tamb\u00e9m com uma homenagem da actriz Marina Albuquerque, filha de Afonso de Albuquerque, psiquiatra fundador da Associa\u00e7\u00e3o APOIAR, falecido em \u00a0Abril de 2022.<\/p>\n<p><img loading=\"lazy\" decoding=\"async\" class=\"alignnone size-large wp-image-2115\" src=\"https:\/\/apoiar-stressdeguerra.com\/pt\/wp-content\/uploads\/2024\/04\/Programa-30o-Aniversario-724x1024.png\" alt=\"\" width=\"724\" height=\"1024\" srcset=\"https:\/\/apoiar-stressdeguerra.com\/pt\/wp-content\/uploads\/2024\/04\/Programa-30o-Aniversario-724x1024.png 724w, https:\/\/apoiar-stressdeguerra.com\/pt\/wp-content\/uploads\/2024\/04\/Programa-30o-Aniversario-212x300.png 212w, https:\/\/apoiar-stressdeguerra.com\/pt\/wp-content\/uploads\/2024\/04\/Programa-30o-Aniversario-768x1086.png 768w, https:\/\/apoiar-stressdeguerra.com\/pt\/wp-content\/uploads\/2024\/04\/Programa-30o-Aniversario-1086x1536.png 1086w, https:\/\/apoiar-stressdeguerra.com\/pt\/wp-content\/uploads\/2024\/04\/Programa-30o-Aniversario-424x600.png 424w, https:\/\/apoiar-stressdeguerra.com\/pt\/wp-content\/uploads\/2024\/04\/Programa-30o-Aniversario.png 1414w\" sizes=\"auto, (max-width: 724px) 100vw, 724px\" \/><\/p>\n<p>&nbsp;<\/p>\n","protected":false},"excerpt":{"rendered":"<p>A APOIAR \u2013 Associa\u00e7\u00e3o de Apoio aos Ex-Combatentes V\u00edtimas do Stress de Guerra, legalmente constitu\u00edda como IPSS com Estatuto de Utilidade P\u00fablica, em 1994, vai comemorar o seu 30\u00ba anivers\u00e1rio no pr\u00f3ximo dia 18 de Abril de 2024 \u00e0s 15:00 no audit\u00f3rio do Hospital J\u00falio de matos, em Lisboa. No ano em que se comemoram <a class=\"read-more\" href=\"https:\/\/apoiar-stressdeguerra.com\/pt\/2024\/04\/15\/associacao-apoiar-assinala-30-anos-existencia-dia-18-abril\/\">Leia mais<\/a><\/p>\n","protected":false},"author":1,"featured_media":0,"comment_status":"open","ping_status":"open","sticky":false,"template":"","format":"standard","meta":{"_uf_show_specific_survey":0,"_uf_disable_surveys":false,"footnotes":""},"categories":[18],"tags":[72,45,69],"class_list":["post-2114","post","type-post","status-publish","format-standard","hentry","category-noticias","tag-actividades","tag-apoiar","tag-associativismo"],"yoast_head":"<!-- This site is optimized with the Yoast SEO plugin v26.8 - https:\/\/yoast.com\/product\/yoast-seo-wordpress\/ -->\n<title>Associa\u00e7\u00e3o APOIAR assinala 30 anos de exist\u00eancia dia 18 de Abril - APOIAR<\/title>\n<meta name=\"robots\" content=\"index, follow, max-snippet:-1, max-image-preview:large, max-video-preview:-1\" \/>\n<link rel=\"canonical\" href=\"https:\/\/apoiar-stressdeguerra.com\/pt\/2024\/04\/15\/associacao-apoiar-assinala-30-anos-existencia-dia-18-abril\/\" \/>\n<meta property=\"og:locale\" content=\"pt_PT\" \/>\n<meta property=\"og:type\" content=\"article\" \/>\n<meta property=\"og:title\" content=\"Associa\u00e7\u00e3o APOIAR assinala 30 anos de exist\u00eancia dia 18 de Abril - APOIAR\" \/>\n<meta property=\"og:description\" content=\"A APOIAR \u2013 Associa\u00e7\u00e3o de Apoio aos Ex-Combatentes V\u00edtimas do Stress de Guerra, legalmente constitu\u00edda como IPSS com Estatuto de Utilidade P\u00fablica, em 1994, vai comemorar o seu 30\u00ba anivers\u00e1rio no pr\u00f3ximo dia 18 de Abril de 2024 \u00e0s 15:00 no audit\u00f3rio do Hospital J\u00falio de matos, em Lisboa. No ano em que se comemoram Leia mais\" \/>\n<meta property=\"og:url\" content=\"https:\/\/apoiar-stressdeguerra.com\/pt\/2024\/04\/15\/associacao-apoiar-assinala-30-anos-existencia-dia-18-abril\/\" \/>\n<meta property=\"og:site_name\" content=\"APOIAR\" \/>\n<meta property=\"article:publisher\" content=\"https:\/\/www.facebook.com\/stressdeguerraapoiar\/\" \/>\n<meta property=\"article:published_time\" content=\"2024-04-15T09:10:44+00:00\" \/>\n<meta property=\"og:image\" content=\"https:\/\/apoiar-stressdeguerra.com\/pt\/wp-content\/uploads\/2024\/04\/Programa-30o-Aniversario.png\" \/>\n\t<meta property=\"og:image:width\" content=\"1414\" \/>\n\t<meta property=\"og:image:height\" content=\"2000\" \/>\n\t<meta property=\"og:image:type\" content=\"image\/png\" \/>\n<meta name=\"author\" content=\"apoiar\" \/>\n<meta name=\"twitter:card\" content=\"summary_large_image\" \/>\n<meta name=\"twitter:creator\" content=\"@aapoiar\" \/>\n<meta name=\"twitter:site\" content=\"@aapoiar\" \/>\n<meta name=\"twitter:label1\" content=\"Escrito por\" \/>\n\t<meta name=\"twitter:data1\" content=\"apoiar\" \/>\n\t<meta name=\"twitter:label2\" content=\"Tempo estimado de leitura\" \/>\n\t<meta name=\"twitter:data2\" content=\"1 minuto\" \/>\n<script type=\"application\/ld+json\" class=\"yoast-schema-graph\">{\"@context\":\"https:\/\/schema.org\",\"@graph\":[{\"@type\":\"Article\",\"@id\":\"https:\/\/apoiar-stressdeguerra.com\/pt\/2024\/04\/15\/associacao-apoiar-assinala-30-anos-existencia-dia-18-abril\/#article\",\"isPartOf\":{\"@id\":\"https:\/\/apoiar-stressdeguerra.com\/pt\/2024\/04\/15\/associacao-apoiar-assinala-30-anos-existencia-dia-18-abril\/\"},\"author\":{\"name\":\"apoiar\",\"@id\":\"https:\/\/apoiar-stressdeguerra.com\/pt\/#\/schema\/person\/2a2075124c4f97ee5005d25282ae26ee\"},\"headline\":\"Associa\u00e7\u00e3o APOIAR assinala 30 anos de exist\u00eancia dia 18 de Abril\",\"datePublished\":\"2024-04-15T09:10:44+00:00\",\"mainEntityOfPage\":{\"@id\":\"https:\/\/apoiar-stressdeguerra.com\/pt\/2024\/04\/15\/associacao-apoiar-assinala-30-anos-existencia-dia-18-abril\/\"},\"wordCount\":230,\"commentCount\":0,\"publisher\":{\"@id\":\"https:\/\/apoiar-stressdeguerra.com\/pt\/#organization\"},\"image\":{\"@id\":\"https:\/\/apoiar-stressdeguerra.com\/pt\/2024\/04\/15\/associacao-apoiar-assinala-30-anos-existencia-dia-18-abril\/#primaryimage\"},\"thumbnailUrl\":\"https:\/\/apoiar-stressdeguerra.com\/pt\/wp-content\/uploads\/2024\/04\/Programa-30o-Aniversario-724x1024.png\",\"keywords\":[\"Actividades\",\"APOIAR\",\"Associativismo\"],\"articleSection\":[\"Not\u00edcias\"],\"inLanguage\":\"pt-PT\",\"potentialAction\":[{\"@type\":\"CommentAction\",\"name\":\"Comment\",\"target\":[\"https:\/\/apoiar-stressdeguerra.com\/pt\/2024\/04\/15\/associacao-apoiar-assinala-30-anos-existencia-dia-18-abril\/#respond\"]}]},{\"@type\":\"WebPage\",\"@id\":\"https:\/\/apoiar-stressdeguerra.com\/pt\/2024\/04\/15\/associacao-apoiar-assinala-30-anos-existencia-dia-18-abril\/\",\"url\":\"https:\/\/apoiar-stressdeguerra.com\/pt\/2024\/04\/15\/associacao-apoiar-assinala-30-anos-existencia-dia-18-abril\/\",\"name\":\"Associa\u00e7\u00e3o APOIAR assinala 30 anos de exist\u00eancia dia 18 de Abril - APOIAR\",\"isPartOf\":{\"@id\":\"https:\/\/apoiar-stressdeguerra.com\/pt\/#website\"},\"primaryImageOfPage\":{\"@id\":\"https:\/\/apoiar-stressdeguerra.com\/pt\/2024\/04\/15\/associacao-apoiar-assinala-30-anos-existencia-dia-18-abril\/#primaryimage\"},\"image\":{\"@id\":\"https:\/\/apoiar-stressdeguerra.com\/pt\/2024\/04\/15\/associacao-apoiar-assinala-30-anos-existencia-dia-18-abril\/#primaryimage\"},\"thumbnailUrl\":\"https:\/\/apoiar-stressdeguerra.com\/pt\/wp-content\/uploads\/2024\/04\/Programa-30o-Aniversario-724x1024.png\",\"datePublished\":\"2024-04-15T09:10:44+00:00\",\"breadcrumb\":{\"@id\":\"https:\/\/apoiar-stressdeguerra.com\/pt\/2024\/04\/15\/associacao-apoiar-assinala-30-anos-existencia-dia-18-abril\/#breadcrumb\"},\"inLanguage\":\"pt-PT\",\"potentialAction\":[{\"@type\":\"ReadAction\",\"target\":[\"https:\/\/apoiar-stressdeguerra.com\/pt\/2024\/04\/15\/associacao-apoiar-assinala-30-anos-existencia-dia-18-abril\/\"]}]},{\"@type\":\"ImageObject\",\"inLanguage\":\"pt-PT\",\"@id\":\"https:\/\/apoiar-stressdeguerra.com\/pt\/2024\/04\/15\/associacao-apoiar-assinala-30-anos-existencia-dia-18-abril\/#primaryimage\",\"url\":\"https:\/\/apoiar-stressdeguerra.com\/pt\/wp-content\/uploads\/2024\/04\/Programa-30o-Aniversario.png\",\"contentUrl\":\"https:\/\/apoiar-stressdeguerra.com\/pt\/wp-content\/uploads\/2024\/04\/Programa-30o-Aniversario.png\",\"width\":1414,\"height\":2000},{\"@type\":\"BreadcrumbList\",\"@id\":\"https:\/\/apoiar-stressdeguerra.com\/pt\/2024\/04\/15\/associacao-apoiar-assinala-30-anos-existencia-dia-18-abril\/#breadcrumb\",\"itemListElement\":[{\"@type\":\"ListItem\",\"position\":1,\"name\":\"In\u00edcio\",\"item\":\"https:\/\/apoiar-stressdeguerra.com\/pt\/\"},{\"@type\":\"ListItem\",\"position\":2,\"name\":\"Associa\u00e7\u00e3o APOIAR assinala 30 anos de exist\u00eancia dia 18 de Abril\"}]},{\"@type\":\"WebSite\",\"@id\":\"https:\/\/apoiar-stressdeguerra.com\/pt\/#website\",\"url\":\"https:\/\/apoiar-stressdeguerra.com\/pt\/\",\"name\":\"APOIAR\",\"description\":\"Associa\u00e7\u00e3o de Apoio aos Ex-combatentes V\u00edtimas do Stress de Guerra.\",\"publisher\":{\"@id\":\"https:\/\/apoiar-stressdeguerra.com\/pt\/#organization\"},\"potentialAction\":[{\"@type\":\"SearchAction\",\"target\":{\"@type\":\"EntryPoint\",\"urlTemplate\":\"https:\/\/apoiar-stressdeguerra.com\/pt\/?s={search_term_string}\"},\"query-input\":{\"@type\":\"PropertyValueSpecification\",\"valueRequired\":true,\"valueName\":\"search_term_string\"}}],\"inLanguage\":\"pt-PT\"},{\"@type\":\"Organization\",\"@id\":\"https:\/\/apoiar-stressdeguerra.com\/pt\/#organization\",\"name\":\"APOIAR\",\"url\":\"https:\/\/apoiar-stressdeguerra.com\/pt\/\",\"logo\":{\"@type\":\"ImageObject\",\"inLanguage\":\"pt-PT\",\"@id\":\"https:\/\/apoiar-stressdeguerra.com\/pt\/#\/schema\/logo\/image\/\",\"url\":\"https:\/\/apoiar-stressdeguerra.com\/pt\/wp-content\/uploads\/2017\/03\/LOGO_tb_transparente.gif\",\"contentUrl\":\"https:\/\/apoiar-stressdeguerra.com\/pt\/wp-content\/uploads\/2017\/03\/LOGO_tb_transparente.gif\",\"width\":153,\"height\":59,\"caption\":\"APOIAR\"},\"image\":{\"@id\":\"https:\/\/apoiar-stressdeguerra.com\/pt\/#\/schema\/logo\/image\/\"},\"sameAs\":[\"https:\/\/www.facebook.com\/stressdeguerraapoiar\/\",\"https:\/\/x.com\/aapoiar\"]},{\"@type\":\"Person\",\"@id\":\"https:\/\/apoiar-stressdeguerra.com\/pt\/#\/schema\/person\/2a2075124c4f97ee5005d25282ae26ee\",\"name\":\"apoiar\",\"image\":{\"@type\":\"ImageObject\",\"inLanguage\":\"pt-PT\",\"@id\":\"https:\/\/apoiar-stressdeguerra.com\/pt\/#\/schema\/person\/image\/\",\"url\":\"https:\/\/secure.gravatar.com\/avatar\/ffa6c738212b72e4a4a5c378831188325983795de334672f7b3b222f864ffd8f?s=96&d=mm&r=g\",\"contentUrl\":\"https:\/\/secure.gravatar.com\/avatar\/ffa6c738212b72e4a4a5c378831188325983795de334672f7b3b222f864ffd8f?s=96&d=mm&r=g\",\"caption\":\"apoiar\"}}]}<\/script>\n<!-- \/ Yoast SEO plugin. -->","yoast_head_json":{"title":"Associa\u00e7\u00e3o APOIAR assinala 30 anos de exist\u00eancia dia 18 de Abril - APOIAR","robots":{"index":"index","follow":"follow","max-snippet":"max-snippet:-1","max-image-preview":"max-image-preview:large","max-video-preview":"max-video-preview:-1"},"canonical":"https:\/\/apoiar-stressdeguerra.com\/pt\/2024\/04\/15\/associacao-apoiar-assinala-30-anos-existencia-dia-18-abril\/","og_locale":"pt_PT","og_type":"article","og_title":"Associa\u00e7\u00e3o APOIAR assinala 30 anos de exist\u00eancia dia 18 de Abril - APOIAR","og_description":"A APOIAR \u2013 Associa\u00e7\u00e3o de Apoio aos Ex-Combatentes V\u00edtimas do Stress de Guerra, legalmente constitu\u00edda como IPSS com Estatuto de Utilidade P\u00fablica, em 1994, vai comemorar o seu 30\u00ba anivers\u00e1rio no pr\u00f3ximo dia 18 de Abril de 2024 \u00e0s 15:00 no audit\u00f3rio do Hospital J\u00falio de matos, em Lisboa. No ano em que se comemoram Leia mais","og_url":"https:\/\/apoiar-stressdeguerra.com\/pt\/2024\/04\/15\/associacao-apoiar-assinala-30-anos-existencia-dia-18-abril\/","og_site_name":"APOIAR","article_publisher":"https:\/\/www.facebook.com\/stressdeguerraapoiar\/","article_published_time":"2024-04-15T09:10:44+00:00","og_image":[{"width":1414,"height":2000,"url":"https:\/\/apoiar-stressdeguerra.com\/pt\/wp-content\/uploads\/2024\/04\/Programa-30o-Aniversario.png","type":"image\/png"}],"author":"apoiar","twitter_card":"summary_large_image","twitter_creator":"@aapoiar","twitter_site":"@aapoiar","twitter_misc":{"Escrito por":"apoiar","Tempo estimado de leitura":"1 minuto"},"schema":{"@context":"https:\/\/schema.org","@graph":[{"@type":"Article","@id":"https:\/\/apoiar-stressdeguerra.com\/pt\/2024\/04\/15\/associacao-apoiar-assinala-30-anos-existencia-dia-18-abril\/#article","isPartOf":{"@id":"https:\/\/apoiar-stressdeguerra.com\/pt\/2024\/04\/15\/associacao-apoiar-assinala-30-anos-existencia-dia-18-abril\/"},"author":{"name":"apoiar","@id":"https:\/\/apoiar-stressdeguerra.com\/pt\/#\/schema\/person\/2a2075124c4f97ee5005d25282ae26ee"},"headline":"Associa\u00e7\u00e3o APOIAR assinala 30 anos de exist\u00eancia dia 18 de Abril","datePublished":"2024-04-15T09:10:44+00:00","mainEntityOfPage":{"@id":"https:\/\/apoiar-stressdeguerra.com\/pt\/2024\/04\/15\/associacao-apoiar-assinala-30-anos-existencia-dia-18-abril\/"},"wordCount":230,"commentCount":0,"publisher":{"@id":"https:\/\/apoiar-stressdeguerra.com\/pt\/#organization"},"image":{"@id":"https:\/\/apoiar-stressdeguerra.com\/pt\/2024\/04\/15\/associacao-apoiar-assinala-30-anos-existencia-dia-18-abril\/#primaryimage"},"thumbnailUrl":"https:\/\/apoiar-stressdeguerra.com\/pt\/wp-content\/uploads\/2024\/04\/Programa-30o-Aniversario-724x1024.png","keywords":["Actividades","APOIAR","Associativismo"],"articleSection":["Not\u00edcias"],"inLanguage":"pt-PT","potentialAction":[{"@type":"CommentAction","name":"Comment","target":["https:\/\/apoiar-stressdeguerra.com\/pt\/2024\/04\/15\/associacao-apoiar-assinala-30-anos-existencia-dia-18-abril\/#respond"]}]},{"@type":"WebPage","@id":"https:\/\/apoiar-stressdeguerra.com\/pt\/2024\/04\/15\/associacao-apoiar-assinala-30-anos-existencia-dia-18-abril\/","url":"https:\/\/apoiar-stressdeguerra.com\/pt\/2024\/04\/15\/associacao-apoiar-assinala-30-anos-existencia-dia-18-abril\/","name":"Associa\u00e7\u00e3o APOIAR assinala 30 anos de exist\u00eancia dia 18 de Abril - APOIAR","isPartOf":{"@id":"https:\/\/apoiar-stressdeguerra.com\/pt\/#website"},"primaryImageOfPage":{"@id":"https:\/\/apoiar-stressdeguerra.com\/pt\/2024\/04\/15\/associacao-apoiar-assinala-30-anos-existencia-dia-18-abril\/#primaryimage"},"image":{"@id":"https:\/\/apoiar-stressdeguerra.com\/pt\/2024\/04\/15\/associacao-apoiar-assinala-30-anos-existencia-dia-18-abril\/#primaryimage"},"thumbnailUrl":"https:\/\/apoiar-stressdeguerra.com\/pt\/wp-content\/uploads\/2024\/04\/Programa-30o-Aniversario-724x1024.png","datePublished":"2024-04-15T09:10:44+00:00","breadcrumb":{"@id":"https:\/\/apoiar-stressdeguerra.com\/pt\/2024\/04\/15\/associacao-apoiar-assinala-30-anos-existencia-dia-18-abril\/#breadcrumb"},"inLanguage":"pt-PT","potentialAction":[{"@type":"ReadAction","target":["https:\/\/apoiar-stressdeguerra.com\/pt\/2024\/04\/15\/associacao-apoiar-assinala-30-anos-existencia-dia-18-abril\/"]}]},{"@type":"ImageObject","inLanguage":"pt-PT","@id":"https:\/\/apoiar-stressdeguerra.com\/pt\/2024\/04\/15\/associacao-apoiar-assinala-30-anos-existencia-dia-18-abril\/#primaryimage","url":"https:\/\/apoiar-stressdeguerra.com\/pt\/wp-content\/uploads\/2024\/04\/Programa-30o-Aniversario.png","contentUrl":"https:\/\/apoiar-stressdeguerra.com\/pt\/wp-content\/uploads\/2024\/04\/Programa-30o-Aniversario.png","width":1414,"height":2000},{"@type":"BreadcrumbList","@id":"https:\/\/apoiar-stressdeguerra.com\/pt\/2024\/04\/15\/associacao-apoiar-assinala-30-anos-existencia-dia-18-abril\/#breadcrumb","itemListElement":[{"@type":"ListItem","position":1,"name":"In\u00edcio","item":"https:\/\/apoiar-stressdeguerra.com\/pt\/"},{"@type":"ListItem","position":2,"name":"Associa\u00e7\u00e3o APOIAR assinala 30 anos de exist\u00eancia dia 18 de Abril"}]},{"@type":"WebSite","@id":"https:\/\/apoiar-stressdeguerra.com\/pt\/#website","url":"https:\/\/apoiar-stressdeguerra.com\/pt\/","name":"APOIAR","description":"Associa\u00e7\u00e3o de Apoio aos Ex-combatentes V\u00edtimas do Stress de Guerra.","publisher":{"@id":"https:\/\/apoiar-stressdeguerra.com\/pt\/#organization"},"potentialAction":[{"@type":"SearchAction","target":{"@type":"EntryPoint","urlTemplate":"https:\/\/apoiar-stressdeguerra.com\/pt\/?s={search_term_string}"},"query-input":{"@type":"PropertyValueSpecification","valueRequired":true,"valueName":"search_term_string"}}],"inLanguage":"pt-PT"},{"@type":"Organization","@id":"https:\/\/apoiar-stressdeguerra.com\/pt\/#organization","name":"APOIAR","url":"https:\/\/apoiar-stressdeguerra.com\/pt\/","logo":{"@type":"ImageObject","inLanguage":"pt-PT","@id":"https:\/\/apoiar-stressdeguerra.com\/pt\/#\/schema\/logo\/image\/","url":"https:\/\/apoiar-stressdeguerra.com\/pt\/wp-content\/uploads\/2017\/03\/LOGO_tb_transparente.gif","contentUrl":"https:\/\/apoiar-stressdeguerra.com\/pt\/wp-content\/uploads\/2017\/03\/LOGO_tb_transparente.gif","width":153,"height":59,"caption":"APOIAR"},"image":{"@id":"https:\/\/apoiar-stressdeguerra.com\/pt\/#\/schema\/logo\/image\/"},"sameAs":["https:\/\/www.facebook.com\/stressdeguerraapoiar\/","https:\/\/x.com\/aapoiar"]},{"@type":"Person","@id":"https:\/\/apoiar-stressdeguerra.com\/pt\/#\/schema\/person\/2a2075124c4f97ee5005d25282ae26ee","name":"apoiar","image":{"@type":"ImageObject","inLanguage":"pt-PT","@id":"https:\/\/apoiar-stressdeguerra.com\/pt\/#\/schema\/person\/image\/","url":"https:\/\/secure.gravatar.com\/avatar\/ffa6c738212b72e4a4a5c378831188325983795de334672f7b3b222f864ffd8f?s=96&d=mm&r=g","contentUrl":"https:\/\/secure.gravatar.com\/avatar\/ffa6c738212b72e4a4a5c378831188325983795de334672f7b3b222f864ffd8f?s=96&d=mm&r=g","caption":"apoiar"}}]}},"_links":{"self":[{"href":"https:\/\/apoiar-stressdeguerra.com\/pt\/wp-json\/wp\/v2\/posts\/2114","targetHints":{"allow":["GET"]}}],"collection":[{"href":"https:\/\/apoiar-stressdeguerra.com\/pt\/wp-json\/wp\/v2\/posts"}],"about":[{"href":"https:\/\/apoiar-stressdeguerra.com\/pt\/wp-json\/wp\/v2\/types\/post"}],"author":[{"embeddable":true,"href":"https:\/\/apoiar-stressdeguerra.com\/pt\/wp-json\/wp\/v2\/users\/1"}],"replies":[{"embeddable":true,"href":"https:\/\/apoiar-stressdeguerra.com\/pt\/wp-json\/wp\/v2\/comments?post=2114"}],"version-history":[{"count":1,"href":"https:\/\/apoiar-stressdeguerra.com\/pt\/wp-json\/wp\/v2\/posts\/2114\/revisions"}],"predecessor-version":[{"id":2116,"href":"https:\/\/apoiar-stressdeguerra.com\/pt\/wp-json\/wp\/v2\/posts\/2114\/revisions\/2116"}],"wp:attachment":[{"href":"https:\/\/apoiar-stressdeguerra.com\/pt\/wp-json\/wp\/v2\/media?parent=2114"}],"wp:term":[{"taxonomy":"category","embeddable":true,"href":"https:\/\/apoiar-stressdeguerra.com\/pt\/wp-json\/wp\/v2\/categories?post=2114"},{"taxonomy":"post_tag","embeddable":true,"href":"https:\/\/apoiar-stressdeguerra.com\/pt\/wp-json\/wp\/v2\/tags?post=2114"}],"curies":[{"name":"wp","href":"https:\/\/api.w.org\/{rel}","templated":true}]}}