{"id":2344,"date":"2025-05-15T15:24:01","date_gmt":"2025-05-15T15:24:01","guid":{"rendered":"https:\/\/apoiar-stressdeguerra.com\/pt\/?p=2344"},"modified":"2025-05-15T15:24:01","modified_gmt":"2025-05-15T15:24:01","slug":"sessao-maior-acompanhado-parkinson","status":"publish","type":"post","link":"https:\/\/apoiar-stressdeguerra.com\/pt\/2025\/05\/15\/sessao-maior-acompanhado-parkinson\/","title":{"rendered":"Col\u00f3quio ACOMPANHAR E CUIDAR: da lei ao corpo | 21 de Maio 15:00"},"content":{"rendered":"<h6 data-start=\"291\" data-end=\"656\"><\/h6>\n<p data-start=\"291\" data-end=\"656\"><img loading=\"lazy\" decoding=\"async\" class=\"alignnone size-full wp-image-2347\" src=\"https:\/\/apoiar-stressdeguerra.com\/pt\/wp-content\/uploads\/2025\/05\/Post-Facebook.png\" alt=\"\" width=\"940\" height=\"788\" srcset=\"https:\/\/apoiar-stressdeguerra.com\/pt\/wp-content\/uploads\/2025\/05\/Post-Facebook.png 940w, https:\/\/apoiar-stressdeguerra.com\/pt\/wp-content\/uploads\/2025\/05\/Post-Facebook-300x251.png 300w, https:\/\/apoiar-stressdeguerra.com\/pt\/wp-content\/uploads\/2025\/05\/Post-Facebook-768x644.png 768w, https:\/\/apoiar-stressdeguerra.com\/pt\/wp-content\/uploads\/2025\/05\/Post-Facebook-600x503.png 600w\" sizes=\"auto, (max-width: 940px) 100vw, 940px\" \/><\/p>\n<p data-start=\"291\" data-end=\"656\"><strong><span class=\"_fadeIn_m1hgl_8\">Col\u00f3quio ACOMPANHAR E CUIDAR: da lei ao corpo | 21 de Maio 15:00<\/span><\/strong><\/p>\n<p data-start=\"291\" data-end=\"656\"><span class=\"_fadeIn_m1hgl_8\">No <\/span><span class=\"_fadeIn_m1hgl_8\">dia <\/span><strong data-start=\"298\" data-end=\"322\"><span class=\"_fadeIn_m1hgl_8\">21 <\/span><span class=\"_fadeIn_m1hgl_8\">de <\/span><span class=\"_fadeIn_m1hgl_8\">Maio, <\/span><span class=\"_fadeIn_m1hgl_8\">\u00e0s <\/span><span class=\"_fadeIn_m1hgl_8\">15:<\/span><span class=\"_fadeIn_m1hgl_8\">00<\/span><\/strong><span class=\"_fadeIn_m1hgl_8\">, <\/span><span class=\"_fadeIn_m1hgl_8\">a <\/span><span class=\"_fadeIn_m1hgl_8\">sede <\/span><span class=\"_fadeIn_m1hgl_8\">da <\/span><strong data-start=\"334\" data-end=\"355\"><span class=\"_fadeIn_m1hgl_8\">Associa\u00e7\u00e3o <\/span><span class=\"_fadeIn_m1hgl_8\">APOIAR<\/span><\/strong> <span class=\"_fadeIn_m1hgl_8\">recebe <\/span><span class=\"_fadeIn_m1hgl_8\">um <\/span><span class=\"_fadeIn_m1hgl_8\">encontro <\/span><span class=\"_fadeIn_m1hgl_8\">informativo <\/span><span class=\"_fadeIn_m1hgl_8\">dedicado <\/span><span class=\"_fadeIn_m1hgl_8\">a <\/span><span class=\"_fadeIn_m1hgl_8\">dois <\/span><span class=\"_fadeIn_m1hgl_8\">temas <\/span><span class=\"_fadeIn_m1hgl_8\">fundamentais:\u00a0<\/span><\/p>\n<div class=\"x11i5rnm xat24cr x1mh8g0r x1vvkbs xtlvy1s x126k92a\">\n<div dir=\"auto\">\u2014 <strong>O Estatuto de Maior Acompanhado<\/strong> com a jurista Isabel Estrela da Associa\u00e7\u00e3o APOIAR;<\/div>\n<\/div>\n<div class=\"x11i5rnm xat24cr x1mh8g0r x1vvkbs xtlvy1s x126k92a\">\n<div dir=\"auto\">\u2014 <strong>Estrat\u00e9gias de bem-estar para pessoas com Doen\u00e7a de Parkinson<\/strong>, com a neurofisioterapeuta, Joana Martins da Associa\u00e7\u00e3o Portuguesa dos Doentes de Parkinson.<\/div>\n<\/div>\n<div class=\"x11i5rnm xat24cr x1mh8g0r x1vvkbs xtlvy1s x126k92a\">\n<div dir=\"auto\">Se \u00e9 cuidador, familiar ou conhece algu\u00e9m nestas situa\u00e7\u00f5es, esta conversa \u00e9 para si.<\/div>\n<\/div>\n<div class=\"x11i5rnm xat24cr x1mh8g0r x1vvkbs xtlvy1s x126k92a\">\n<div dir=\"auto\"><span class=\"html-span xdj266r x11i5rnm xat24cr x1mh8g0r xexx8yu x4uap5 x18d9i69 xkhd6sd x1hl2dhg x16tdsg8 x1vvkbs\"><a class=\"x1i10hfl xjbqb8w x1ejq31n xd10rxx x1sy0etr x17r0tee x972fbf xcfux6l x1qhh985 xm0m39n x9f619 x1ypdohk xt0psk2 xe8uvvx xdj266r x11i5rnm xat24cr x1mh8g0r xexx8yu x4uap5 x18d9i69 xkhd6sd x16tdsg8 x1hl2dhg xggy1nq x1a2a7pz xkrqix3 x1sur9pj x1fey0fg x1s688f\" tabindex=\"0\" role=\"link\" href=\"https:\/\/www.facebook.com\/hashtag\/sa%C3%BAdemental?__eep__=6&amp;__cft__[0]=AZXkTYpoHEJKALpJyK1csEE51E6wwRvplpnlwj07KPFYbTVRMPKsnFbAxr8yPIrAnvngky5Ikor2HJPxzakQeQBrAN_1np-U5ErNT5YN7IoPPlAOhZs679BiXqN4tbNmIR1cODp07FZFvSgadTHf49Hh_Ad7R6suUJqbbiELL_j3Xg&amp;__tn__=*NK-R\">#Sa\u00fadeMental<\/a><\/span> <span class=\"html-span xdj266r x11i5rnm xat24cr x1mh8g0r xexx8yu x4uap5 x18d9i69 xkhd6sd x1hl2dhg x16tdsg8 x1vvkbs\"><a class=\"x1i10hfl xjbqb8w x1ejq31n xd10rxx x1sy0etr x17r0tee x972fbf xcfux6l x1qhh985 xm0m39n x9f619 x1ypdohk xt0psk2 xe8uvvx xdj266r x11i5rnm xat24cr x1mh8g0r xexx8yu x4uap5 x18d9i69 xkhd6sd x16tdsg8 x1hl2dhg xggy1nq x1a2a7pz xkrqix3 x1sur9pj x1fey0fg x1s688f\" tabindex=\"0\" role=\"link\" href=\"https:\/\/www.facebook.com\/hashtag\/parkinson?__eep__=6&amp;__cft__[0]=AZXkTYpoHEJKALpJyK1csEE51E6wwRvplpnlwj07KPFYbTVRMPKsnFbAxr8yPIrAnvngky5Ikor2HJPxzakQeQBrAN_1np-U5ErNT5YN7IoPPlAOhZs679BiXqN4tbNmIR1cODp07FZFvSgadTHf49Hh_Ad7R6suUJqbbiELL_j3Xg&amp;__tn__=*NK-R\">#Parkinson<\/a><\/span> <span class=\"html-span xdj266r x11i5rnm xat24cr x1mh8g0r xexx8yu x4uap5 x18d9i69 xkhd6sd x1hl2dhg x16tdsg8 x1vvkbs\"><a class=\"x1i10hfl xjbqb8w x1ejq31n xd10rxx x1sy0etr x17r0tee x972fbf xcfux6l x1qhh985 xm0m39n x9f619 x1ypdohk xt0psk2 xe8uvvx xdj266r x11i5rnm xat24cr x1mh8g0r xexx8yu x4uap5 x18d9i69 xkhd6sd x16tdsg8 x1hl2dhg xggy1nq x1a2a7pz xkrqix3 x1sur9pj x1fey0fg x1s688f\" tabindex=\"0\" role=\"link\" href=\"https:\/\/www.facebook.com\/hashtag\/cuidar%C3%A9agir?__eep__=6&amp;__cft__[0]=AZXkTYpoHEJKALpJyK1csEE51E6wwRvplpnlwj07KPFYbTVRMPKsnFbAxr8yPIrAnvngky5Ikor2HJPxzakQeQBrAN_1np-U5ErNT5YN7IoPPlAOhZs679BiXqN4tbNmIR1cODp07FZFvSgadTHf49Hh_Ad7R6suUJqbbiELL_j3Xg&amp;__tn__=*NK-R\">#Cuidar\u00c9Agir<\/a><\/span> <span class=\"html-span xdj266r x11i5rnm xat24cr x1mh8g0r xexx8yu x4uap5 x18d9i69 xkhd6sd x1hl2dhg x16tdsg8 x1vvkbs\"><a class=\"x1i10hfl xjbqb8w x1ejq31n xd10rxx x1sy0etr x17r0tee x972fbf xcfux6l x1qhh985 xm0m39n x9f619 x1ypdohk xt0psk2 xe8uvvx xdj266r x11i5rnm xat24cr x1mh8g0r xexx8yu x4uap5 x18d9i69 xkhd6sd x16tdsg8 x1hl2dhg xggy1nq x1a2a7pz xkrqix3 x1sur9pj x1fey0fg x1s688f\" tabindex=\"0\" role=\"link\" href=\"https:\/\/www.facebook.com\/hashtag\/direitoshumanos?__eep__=6&amp;__cft__[0]=AZXkTYpoHEJKALpJyK1csEE51E6wwRvplpnlwj07KPFYbTVRMPKsnFbAxr8yPIrAnvngky5Ikor2HJPxzakQeQBrAN_1np-U5ErNT5YN7IoPPlAOhZs679BiXqN4tbNmIR1cODp07FZFvSgadTHf49Hh_Ad7R6suUJqbbiELL_j3Xg&amp;__tn__=*NK-R\">#DireitosHumanos<\/a><\/span> <span class=\"html-span xdj266r x11i5rnm xat24cr x1mh8g0r xexx8yu x4uap5 x18d9i69 xkhd6sd x1hl2dhg x16tdsg8 x1vvkbs\"><a class=\"x1i10hfl xjbqb8w x1ejq31n xd10rxx x1sy0etr x17r0tee x972fbf xcfux6l x1qhh985 xm0m39n x9f619 x1ypdohk xt0psk2 xe8uvvx xdj266r x11i5rnm xat24cr x1mh8g0r xexx8yu x4uap5 x18d9i69 xkhd6sd x16tdsg8 x1hl2dhg xggy1nq x1a2a7pz xkrqix3 x1sur9pj x1fey0fg x1s688f\" tabindex=\"0\" role=\"link\" href=\"https:\/\/www.facebook.com\/hashtag\/informarparacuidar?__eep__=6&amp;__cft__[0]=AZXkTYpoHEJKALpJyK1csEE51E6wwRvplpnlwj07KPFYbTVRMPKsnFbAxr8yPIrAnvngky5Ikor2HJPxzakQeQBrAN_1np-U5ErNT5YN7IoPPlAOhZs679BiXqN4tbNmIR1cODp07FZFvSgadTHf49Hh_Ad7R6suUJqbbiELL_j3Xg&amp;__tn__=*NK-R\">#InformarParaCuidar<\/a><\/span> <span class=\"html-span xdj266r x11i5rnm xat24cr x1mh8g0r xexx8yu x4uap5 x18d9i69 xkhd6sd x1hl2dhg x16tdsg8 x1vvkbs\"><a class=\"x1i10hfl xjbqb8w x1ejq31n xd10rxx x1sy0etr x17r0tee x972fbf xcfux6l x1qhh985 xm0m39n x9f619 x1ypdohk xt0psk2 xe8uvvx xdj266r x11i5rnm xat24cr x1mh8g0r xexx8yu x4uap5 x18d9i69 xkhd6sd x16tdsg8 x1hl2dhg xggy1nq x1a2a7pz xkrqix3 x1sur9pj x1fey0fg x1s688f\" tabindex=\"0\" role=\"link\" href=\"https:\/\/www.facebook.com\/hashtag\/ong?__eep__=6&amp;__cft__[0]=AZXkTYpoHEJKALpJyK1csEE51E6wwRvplpnlwj07KPFYbTVRMPKsnFbAxr8yPIrAnvngky5Ikor2HJPxzakQeQBrAN_1np-U5ErNT5YN7IoPPlAOhZs679BiXqN4tbNmIR1cODp07FZFvSgadTHf49Hh_Ad7R6suUJqbbiELL_j3Xg&amp;__tn__=*NK-R\">#ONG<\/a><\/span> <span class=\"html-span xdj266r x11i5rnm xat24cr x1mh8g0r xexx8yu x4uap5 x18d9i69 xkhd6sd x1hl2dhg x16tdsg8 x1vvkbs\"><a class=\"x1i10hfl xjbqb8w x1ejq31n xd10rxx x1sy0etr x17r0tee x972fbf xcfux6l x1qhh985 xm0m39n x9f619 x1ypdohk xt0psk2 xe8uvvx xdj266r x11i5rnm xat24cr x1mh8g0r xexx8yu x4uap5 x18d9i69 xkhd6sd x16tdsg8 x1hl2dhg xggy1nq x1a2a7pz xkrqix3 x1sur9pj x1fey0fg x1s688f\" tabindex=\"0\" role=\"link\" href=\"https:\/\/www.facebook.com\/hashtag\/neurodiversidade?__eep__=6&amp;__cft__[0]=AZXkTYpoHEJKALpJyK1csEE51E6wwRvplpnlwj07KPFYbTVRMPKsnFbAxr8yPIrAnvngky5Ikor2HJPxzakQeQBrAN_1np-U5ErNT5YN7IoPPlAOhZs679BiXqN4tbNmIR1cODp07FZFvSgadTHf49Hh_Ad7R6suUJqbbiELL_j3Xg&amp;__tn__=*NK-R\">#Neurodiversidade<\/a><\/span> <span class=\"html-span xdj266r x11i5rnm xat24cr x1mh8g0r xexx8yu x4uap5 x18d9i69 xkhd6sd x1hl2dhg x16tdsg8 x1vvkbs\"><a class=\"x1i10hfl xjbqb8w x1ejq31n xd10rxx x1sy0etr x17r0tee x972fbf xcfux6l x1qhh985 xm0m39n x9f619 x1ypdohk xt0psk2 xe8uvvx xdj266r x11i5rnm xat24cr x1mh8g0r xexx8yu x4uap5 x18d9i69 xkhd6sd x16tdsg8 x1hl2dhg xggy1nq x1a2a7pz xkrqix3 x1sur9pj x1fey0fg x1s688f\" tabindex=\"0\" role=\"link\" href=\"https:\/\/www.facebook.com\/hashtag\/maioracompanhado?__eep__=6&amp;__cft__[0]=AZXkTYpoHEJKALpJyK1csEE51E6wwRvplpnlwj07KPFYbTVRMPKsnFbAxr8yPIrAnvngky5Ikor2HJPxzakQeQBrAN_1np-U5ErNT5YN7IoPPlAOhZs679BiXqN4tbNmIR1cODp07FZFvSgadTHf49Hh_Ad7R6suUJqbbiELL_j3Xg&amp;__tn__=*NK-R\">#MaiorAcompanhado<\/a><\/span><\/div>\n<\/div>\n<div class=\"x11i5rnm xat24cr x1mh8g0r x1vvkbs xtlvy1s x126k92a\">\n<div dir=\"auto\"><span class=\"_fadeIn_m1hgl_8\"><br \/>\nA <\/span><span class=\"_fadeIn_m1hgl_8\">sess\u00e3o <\/span><span class=\"_fadeIn_m1hgl_8\">\u00e9 <\/span><span class=\"_fadeIn_m1hgl_8\">gratuita <\/span><span class=\"_fadeIn_m1hgl_8\">e <\/span><span class=\"_fadeIn_m1hgl_8\">dirigida <\/span><span class=\"_fadeIn_m1hgl_8\">a <\/span><span class=\"_fadeIn_m1hgl_8\">cuidadores, <\/span><span class=\"_fadeIn_m1hgl_8\">familiares, <\/span><span class=\"_fadeIn_m1hgl_8\">profissionais <\/span><span class=\"_fadeIn_m1hgl_8\">de <\/span><span class=\"_fadeIn_m1hgl_8\">sa\u00fade <\/span><span class=\"_fadeIn_m1hgl_8\">e <\/span><span class=\"_fadeIn_m1hgl_8\">p\u00fablico <\/span><span class=\"_fadeIn_m1hgl_8\">em <\/span><span class=\"_fadeIn_m1hgl_8\">geral. <\/span><span class=\"_fadeIn_m1hgl_8\">Uma <\/span><span class=\"_fadeIn_m1hgl_8\">oportunidade <\/span><span class=\"_fadeIn_m1hgl_8\">para <\/span><span class=\"_fadeIn_m1hgl_8\">esclarecer <\/span><span class=\"_fadeIn_m1hgl_8\">d\u00favidas <\/span><span class=\"_fadeIn_m1hgl_8\">jur\u00eddicas <\/span><span class=\"_fadeIn_m1hgl_8\">e <\/span><span class=\"_fadeIn_m1hgl_8\">aprender <\/span><span class=\"_fadeIn_m1hgl_8\">formas <\/span><span class=\"_fadeIn_m1hgl_8\">de <\/span><span class=\"_fadeIn_m1hgl_8\">melhorar <\/span><span class=\"_fadeIn_m1hgl_8\">a <\/span><span class=\"_fadeIn_m1hgl_8\">qualidade <\/span><span class=\"_fadeIn_m1hgl_8\">de <\/span><span class=\"_fadeIn_m1hgl_8\">vida <\/span><span class=\"_fadeIn_m1hgl_8\">de <\/span><span class=\"_fadeIn_m1hgl_8\">quem <\/span><span class=\"_fadeIn_m1hgl_8\">vive <\/span><span class=\"_fadeIn_m1hgl_8\">com <\/span><span class=\"_fadeIn_m1hgl_8\">Parkinson.<\/span><\/div>\n<\/div>\n<div class=\"x11i5rnm xat24cr x1mh8g0r x1vvkbs xtlvy1s x126k92a\">\n<div dir=\"auto\">Este evento est\u00e1 inserido nas comemora\u00e7\u00f5es do 31\u00ba Anivers\u00e1rio da Associa\u00e7\u00e3o APOIAR<\/div>\n<div dir=\"auto\"><\/div>\n<\/div>\n<div dir=\"auto\"><\/div>\n<div dir=\"auto\"><\/div>\n<p>&nbsp;<\/p>\n","protected":false},"excerpt":{"rendered":"<p>Col\u00f3quio ACOMPANHAR E CUIDAR: da lei ao corpo | 21 de Maio 15:00 No dia 21 de Maio, \u00e0s 15:00, a sede da Associa\u00e7\u00e3o APOIAR recebe um encontro informativo dedicado a dois temas fundamentais:\u00a0 \u2014 O Estatuto de Maior Acompanhado com a jurista Isabel Estrela da Associa\u00e7\u00e3o APOIAR; \u2014 Estrat\u00e9gias de bem-estar para pessoas com <a class=\"read-more\" href=\"https:\/\/apoiar-stressdeguerra.com\/pt\/2025\/05\/15\/sessao-maior-acompanhado-parkinson\/\">Leia mais<\/a><\/p>\n","protected":false},"author":1,"featured_media":0,"comment_status":"open","ping_status":"open","sticky":false,"template":"","format":"standard","meta":{"_uf_show_specific_survey":0,"_uf_disable_surveys":false,"footnotes":""},"categories":[10],"tags":[146,145],"class_list":["post-2344","post","type-post","status-publish","format-standard","hentry","category-eventos","tag-maior-acompanhado","tag-parkinson"],"yoast_head":"<!-- This site is optimized with the Yoast SEO plugin v26.8 - https:\/\/yoast.com\/product\/yoast-seo-wordpress\/ -->\n<title>Col\u00f3quio ACOMPANHAR E CUIDAR: da lei ao corpo | 21 de Maio 15:00 - APOIAR<\/title>\n<meta name=\"description\" content=\"21 de Maio, 15h: col\u00f3quio sobre o Estatuto de Maior Acompanhado e estrat\u00e9gias de bem-estar para pessoas com Doen\u00e7a de Parkinson Associa\u00e7\u00e3o APOIAR APOIAR\" \/>\n<meta name=\"robots\" content=\"index, follow, max-snippet:-1, max-image-preview:large, max-video-preview:-1\" \/>\n<link rel=\"canonical\" href=\"https:\/\/apoiar-stressdeguerra.com\/pt\/2025\/05\/15\/sessao-maior-acompanhado-parkinson\/\" \/>\n<meta property=\"og:locale\" content=\"pt_PT\" \/>\n<meta property=\"og:type\" content=\"article\" \/>\n<meta property=\"og:title\" content=\"Col\u00f3quio ACOMPANHAR E CUIDAR: da lei ao corpo | 21 de Maio 15:00 - APOIAR\" \/>\n<meta property=\"og:description\" content=\"21 de Maio, 15h: col\u00f3quio sobre o Estatuto de Maior Acompanhado e estrat\u00e9gias de bem-estar para pessoas com Doen\u00e7a de Parkinson Associa\u00e7\u00e3o APOIAR APOIAR\" \/>\n<meta property=\"og:url\" content=\"https:\/\/apoiar-stressdeguerra.com\/pt\/2025\/05\/15\/sessao-maior-acompanhado-parkinson\/\" \/>\n<meta property=\"og:site_name\" content=\"APOIAR\" \/>\n<meta property=\"article:publisher\" content=\"https:\/\/www.facebook.com\/stressdeguerraapoiar\/\" \/>\n<meta property=\"article:published_time\" content=\"2025-05-15T15:24:01+00:00\" \/>\n<meta property=\"og:image\" content=\"https:\/\/apoiar-stressdeguerra.com\/pt\/wp-content\/uploads\/2025\/05\/Post-Facebook.png\" \/>\n\t<meta property=\"og:image:width\" content=\"940\" \/>\n\t<meta property=\"og:image:height\" content=\"788\" \/>\n\t<meta property=\"og:image:type\" content=\"image\/png\" \/>\n<meta name=\"author\" content=\"apoiar\" \/>\n<meta name=\"twitter:card\" content=\"summary_large_image\" \/>\n<meta name=\"twitter:creator\" content=\"@aapoiar\" \/>\n<meta name=\"twitter:site\" content=\"@aapoiar\" \/>\n<meta name=\"twitter:label1\" content=\"Escrito por\" \/>\n\t<meta name=\"twitter:data1\" content=\"apoiar\" \/>\n\t<meta name=\"twitter:label2\" content=\"Tempo estimado de leitura\" \/>\n\t<meta name=\"twitter:data2\" content=\"1 minuto\" \/>\n<script type=\"application\/ld+json\" class=\"yoast-schema-graph\">{\"@context\":\"https:\/\/schema.org\",\"@graph\":[{\"@type\":\"Article\",\"@id\":\"https:\/\/apoiar-stressdeguerra.com\/pt\/2025\/05\/15\/sessao-maior-acompanhado-parkinson\/#article\",\"isPartOf\":{\"@id\":\"https:\/\/apoiar-stressdeguerra.com\/pt\/2025\/05\/15\/sessao-maior-acompanhado-parkinson\/\"},\"author\":{\"name\":\"apoiar\",\"@id\":\"https:\/\/apoiar-stressdeguerra.com\/pt\/#\/schema\/person\/2a2075124c4f97ee5005d25282ae26ee\"},\"headline\":\"Col\u00f3quio ACOMPANHAR E CUIDAR: da lei ao corpo | 21 de Maio 15:00\",\"datePublished\":\"2025-05-15T15:24:01+00:00\",\"mainEntityOfPage\":{\"@id\":\"https:\/\/apoiar-stressdeguerra.com\/pt\/2025\/05\/15\/sessao-maior-acompanhado-parkinson\/\"},\"wordCount\":159,\"commentCount\":0,\"publisher\":{\"@id\":\"https:\/\/apoiar-stressdeguerra.com\/pt\/#organization\"},\"image\":{\"@id\":\"https:\/\/apoiar-stressdeguerra.com\/pt\/2025\/05\/15\/sessao-maior-acompanhado-parkinson\/#primaryimage\"},\"thumbnailUrl\":\"https:\/\/apoiar-stressdeguerra.com\/pt\/wp-content\/uploads\/2025\/05\/Post-Facebook.png\",\"keywords\":[\"maior acompanhado\",\"parkinson\"],\"articleSection\":[\"Eventos\"],\"inLanguage\":\"pt-PT\",\"potentialAction\":[{\"@type\":\"CommentAction\",\"name\":\"Comment\",\"target\":[\"https:\/\/apoiar-stressdeguerra.com\/pt\/2025\/05\/15\/sessao-maior-acompanhado-parkinson\/#respond\"]}]},{\"@type\":\"WebPage\",\"@id\":\"https:\/\/apoiar-stressdeguerra.com\/pt\/2025\/05\/15\/sessao-maior-acompanhado-parkinson\/\",\"url\":\"https:\/\/apoiar-stressdeguerra.com\/pt\/2025\/05\/15\/sessao-maior-acompanhado-parkinson\/\",\"name\":\"Col\u00f3quio ACOMPANHAR E CUIDAR: da lei ao corpo | 21 de Maio 15:00 - APOIAR\",\"isPartOf\":{\"@id\":\"https:\/\/apoiar-stressdeguerra.com\/pt\/#website\"},\"primaryImageOfPage\":{\"@id\":\"https:\/\/apoiar-stressdeguerra.com\/pt\/2025\/05\/15\/sessao-maior-acompanhado-parkinson\/#primaryimage\"},\"image\":{\"@id\":\"https:\/\/apoiar-stressdeguerra.com\/pt\/2025\/05\/15\/sessao-maior-acompanhado-parkinson\/#primaryimage\"},\"thumbnailUrl\":\"https:\/\/apoiar-stressdeguerra.com\/pt\/wp-content\/uploads\/2025\/05\/Post-Facebook.png\",\"datePublished\":\"2025-05-15T15:24:01+00:00\",\"description\":\"21 de Maio, 15h: col\u00f3quio sobre o Estatuto de Maior Acompanhado e estrat\u00e9gias de bem-estar para pessoas com Doen\u00e7a de Parkinson Associa\u00e7\u00e3o APOIAR APOIAR\",\"breadcrumb\":{\"@id\":\"https:\/\/apoiar-stressdeguerra.com\/pt\/2025\/05\/15\/sessao-maior-acompanhado-parkinson\/#breadcrumb\"},\"inLanguage\":\"pt-PT\",\"potentialAction\":[{\"@type\":\"ReadAction\",\"target\":[\"https:\/\/apoiar-stressdeguerra.com\/pt\/2025\/05\/15\/sessao-maior-acompanhado-parkinson\/\"]}]},{\"@type\":\"ImageObject\",\"inLanguage\":\"pt-PT\",\"@id\":\"https:\/\/apoiar-stressdeguerra.com\/pt\/2025\/05\/15\/sessao-maior-acompanhado-parkinson\/#primaryimage\",\"url\":\"https:\/\/apoiar-stressdeguerra.com\/pt\/wp-content\/uploads\/2025\/05\/Post-Facebook.png\",\"contentUrl\":\"https:\/\/apoiar-stressdeguerra.com\/pt\/wp-content\/uploads\/2025\/05\/Post-Facebook.png\",\"width\":940,\"height\":788},{\"@type\":\"BreadcrumbList\",\"@id\":\"https:\/\/apoiar-stressdeguerra.com\/pt\/2025\/05\/15\/sessao-maior-acompanhado-parkinson\/#breadcrumb\",\"itemListElement\":[{\"@type\":\"ListItem\",\"position\":1,\"name\":\"In\u00edcio\",\"item\":\"https:\/\/apoiar-stressdeguerra.com\/pt\/\"},{\"@type\":\"ListItem\",\"position\":2,\"name\":\"Col\u00f3quio ACOMPANHAR E CUIDAR: da lei ao corpo | 21 de Maio 15:00\"}]},{\"@type\":\"WebSite\",\"@id\":\"https:\/\/apoiar-stressdeguerra.com\/pt\/#website\",\"url\":\"https:\/\/apoiar-stressdeguerra.com\/pt\/\",\"name\":\"APOIAR\",\"description\":\"Associa\u00e7\u00e3o de Apoio aos Ex-combatentes V\u00edtimas do Stress de Guerra.\",\"publisher\":{\"@id\":\"https:\/\/apoiar-stressdeguerra.com\/pt\/#organization\"},\"potentialAction\":[{\"@type\":\"SearchAction\",\"target\":{\"@type\":\"EntryPoint\",\"urlTemplate\":\"https:\/\/apoiar-stressdeguerra.com\/pt\/?s={search_term_string}\"},\"query-input\":{\"@type\":\"PropertyValueSpecification\",\"valueRequired\":true,\"valueName\":\"search_term_string\"}}],\"inLanguage\":\"pt-PT\"},{\"@type\":\"Organization\",\"@id\":\"https:\/\/apoiar-stressdeguerra.com\/pt\/#organization\",\"name\":\"APOIAR\",\"url\":\"https:\/\/apoiar-stressdeguerra.com\/pt\/\",\"logo\":{\"@type\":\"ImageObject\",\"inLanguage\":\"pt-PT\",\"@id\":\"https:\/\/apoiar-stressdeguerra.com\/pt\/#\/schema\/logo\/image\/\",\"url\":\"https:\/\/apoiar-stressdeguerra.com\/pt\/wp-content\/uploads\/2017\/03\/LOGO_tb_transparente.gif\",\"contentUrl\":\"https:\/\/apoiar-stressdeguerra.com\/pt\/wp-content\/uploads\/2017\/03\/LOGO_tb_transparente.gif\",\"width\":153,\"height\":59,\"caption\":\"APOIAR\"},\"image\":{\"@id\":\"https:\/\/apoiar-stressdeguerra.com\/pt\/#\/schema\/logo\/image\/\"},\"sameAs\":[\"https:\/\/www.facebook.com\/stressdeguerraapoiar\/\",\"https:\/\/x.com\/aapoiar\"]},{\"@type\":\"Person\",\"@id\":\"https:\/\/apoiar-stressdeguerra.com\/pt\/#\/schema\/person\/2a2075124c4f97ee5005d25282ae26ee\",\"name\":\"apoiar\",\"image\":{\"@type\":\"ImageObject\",\"inLanguage\":\"pt-PT\",\"@id\":\"https:\/\/apoiar-stressdeguerra.com\/pt\/#\/schema\/person\/image\/\",\"url\":\"https:\/\/secure.gravatar.com\/avatar\/ffa6c738212b72e4a4a5c378831188325983795de334672f7b3b222f864ffd8f?s=96&d=mm&r=g\",\"contentUrl\":\"https:\/\/secure.gravatar.com\/avatar\/ffa6c738212b72e4a4a5c378831188325983795de334672f7b3b222f864ffd8f?s=96&d=mm&r=g\",\"caption\":\"apoiar\"}}]}<\/script>\n<!-- \/ Yoast SEO plugin. -->","yoast_head_json":{"title":"Col\u00f3quio ACOMPANHAR E CUIDAR: da lei ao corpo | 21 de Maio 15:00 - APOIAR","description":"21 de Maio, 15h: col\u00f3quio sobre o Estatuto de Maior Acompanhado e estrat\u00e9gias de bem-estar para pessoas com Doen\u00e7a de Parkinson Associa\u00e7\u00e3o APOIAR APOIAR","robots":{"index":"index","follow":"follow","max-snippet":"max-snippet:-1","max-image-preview":"max-image-preview:large","max-video-preview":"max-video-preview:-1"},"canonical":"https:\/\/apoiar-stressdeguerra.com\/pt\/2025\/05\/15\/sessao-maior-acompanhado-parkinson\/","og_locale":"pt_PT","og_type":"article","og_title":"Col\u00f3quio ACOMPANHAR E CUIDAR: da lei ao corpo | 21 de Maio 15:00 - APOIAR","og_description":"21 de Maio, 15h: col\u00f3quio sobre o Estatuto de Maior Acompanhado e estrat\u00e9gias de bem-estar para pessoas com Doen\u00e7a de Parkinson Associa\u00e7\u00e3o APOIAR APOIAR","og_url":"https:\/\/apoiar-stressdeguerra.com\/pt\/2025\/05\/15\/sessao-maior-acompanhado-parkinson\/","og_site_name":"APOIAR","article_publisher":"https:\/\/www.facebook.com\/stressdeguerraapoiar\/","article_published_time":"2025-05-15T15:24:01+00:00","og_image":[{"width":940,"height":788,"url":"https:\/\/apoiar-stressdeguerra.com\/pt\/wp-content\/uploads\/2025\/05\/Post-Facebook.png","type":"image\/png"}],"author":"apoiar","twitter_card":"summary_large_image","twitter_creator":"@aapoiar","twitter_site":"@aapoiar","twitter_misc":{"Escrito por":"apoiar","Tempo estimado de leitura":"1 minuto"},"schema":{"@context":"https:\/\/schema.org","@graph":[{"@type":"Article","@id":"https:\/\/apoiar-stressdeguerra.com\/pt\/2025\/05\/15\/sessao-maior-acompanhado-parkinson\/#article","isPartOf":{"@id":"https:\/\/apoiar-stressdeguerra.com\/pt\/2025\/05\/15\/sessao-maior-acompanhado-parkinson\/"},"author":{"name":"apoiar","@id":"https:\/\/apoiar-stressdeguerra.com\/pt\/#\/schema\/person\/2a2075124c4f97ee5005d25282ae26ee"},"headline":"Col\u00f3quio ACOMPANHAR E CUIDAR: da lei ao corpo | 21 de Maio 15:00","datePublished":"2025-05-15T15:24:01+00:00","mainEntityOfPage":{"@id":"https:\/\/apoiar-stressdeguerra.com\/pt\/2025\/05\/15\/sessao-maior-acompanhado-parkinson\/"},"wordCount":159,"commentCount":0,"publisher":{"@id":"https:\/\/apoiar-stressdeguerra.com\/pt\/#organization"},"image":{"@id":"https:\/\/apoiar-stressdeguerra.com\/pt\/2025\/05\/15\/sessao-maior-acompanhado-parkinson\/#primaryimage"},"thumbnailUrl":"https:\/\/apoiar-stressdeguerra.com\/pt\/wp-content\/uploads\/2025\/05\/Post-Facebook.png","keywords":["maior acompanhado","parkinson"],"articleSection":["Eventos"],"inLanguage":"pt-PT","potentialAction":[{"@type":"CommentAction","name":"Comment","target":["https:\/\/apoiar-stressdeguerra.com\/pt\/2025\/05\/15\/sessao-maior-acompanhado-parkinson\/#respond"]}]},{"@type":"WebPage","@id":"https:\/\/apoiar-stressdeguerra.com\/pt\/2025\/05\/15\/sessao-maior-acompanhado-parkinson\/","url":"https:\/\/apoiar-stressdeguerra.com\/pt\/2025\/05\/15\/sessao-maior-acompanhado-parkinson\/","name":"Col\u00f3quio ACOMPANHAR E CUIDAR: da lei ao corpo | 21 de Maio 15:00 - APOIAR","isPartOf":{"@id":"https:\/\/apoiar-stressdeguerra.com\/pt\/#website"},"primaryImageOfPage":{"@id":"https:\/\/apoiar-stressdeguerra.com\/pt\/2025\/05\/15\/sessao-maior-acompanhado-parkinson\/#primaryimage"},"image":{"@id":"https:\/\/apoiar-stressdeguerra.com\/pt\/2025\/05\/15\/sessao-maior-acompanhado-parkinson\/#primaryimage"},"thumbnailUrl":"https:\/\/apoiar-stressdeguerra.com\/pt\/wp-content\/uploads\/2025\/05\/Post-Facebook.png","datePublished":"2025-05-15T15:24:01+00:00","description":"21 de Maio, 15h: col\u00f3quio sobre o Estatuto de Maior Acompanhado e estrat\u00e9gias de bem-estar para pessoas com Doen\u00e7a de Parkinson Associa\u00e7\u00e3o APOIAR APOIAR","breadcrumb":{"@id":"https:\/\/apoiar-stressdeguerra.com\/pt\/2025\/05\/15\/sessao-maior-acompanhado-parkinson\/#breadcrumb"},"inLanguage":"pt-PT","potentialAction":[{"@type":"ReadAction","target":["https:\/\/apoiar-stressdeguerra.com\/pt\/2025\/05\/15\/sessao-maior-acompanhado-parkinson\/"]}]},{"@type":"ImageObject","inLanguage":"pt-PT","@id":"https:\/\/apoiar-stressdeguerra.com\/pt\/2025\/05\/15\/sessao-maior-acompanhado-parkinson\/#primaryimage","url":"https:\/\/apoiar-stressdeguerra.com\/pt\/wp-content\/uploads\/2025\/05\/Post-Facebook.png","contentUrl":"https:\/\/apoiar-stressdeguerra.com\/pt\/wp-content\/uploads\/2025\/05\/Post-Facebook.png","width":940,"height":788},{"@type":"BreadcrumbList","@id":"https:\/\/apoiar-stressdeguerra.com\/pt\/2025\/05\/15\/sessao-maior-acompanhado-parkinson\/#breadcrumb","itemListElement":[{"@type":"ListItem","position":1,"name":"In\u00edcio","item":"https:\/\/apoiar-stressdeguerra.com\/pt\/"},{"@type":"ListItem","position":2,"name":"Col\u00f3quio ACOMPANHAR E CUIDAR: da lei ao corpo | 21 de Maio 15:00"}]},{"@type":"WebSite","@id":"https:\/\/apoiar-stressdeguerra.com\/pt\/#website","url":"https:\/\/apoiar-stressdeguerra.com\/pt\/","name":"APOIAR","description":"Associa\u00e7\u00e3o de Apoio aos Ex-combatentes V\u00edtimas do Stress de Guerra.","publisher":{"@id":"https:\/\/apoiar-stressdeguerra.com\/pt\/#organization"},"potentialAction":[{"@type":"SearchAction","target":{"@type":"EntryPoint","urlTemplate":"https:\/\/apoiar-stressdeguerra.com\/pt\/?s={search_term_string}"},"query-input":{"@type":"PropertyValueSpecification","valueRequired":true,"valueName":"search_term_string"}}],"inLanguage":"pt-PT"},{"@type":"Organization","@id":"https:\/\/apoiar-stressdeguerra.com\/pt\/#organization","name":"APOIAR","url":"https:\/\/apoiar-stressdeguerra.com\/pt\/","logo":{"@type":"ImageObject","inLanguage":"pt-PT","@id":"https:\/\/apoiar-stressdeguerra.com\/pt\/#\/schema\/logo\/image\/","url":"https:\/\/apoiar-stressdeguerra.com\/pt\/wp-content\/uploads\/2017\/03\/LOGO_tb_transparente.gif","contentUrl":"https:\/\/apoiar-stressdeguerra.com\/pt\/wp-content\/uploads\/2017\/03\/LOGO_tb_transparente.gif","width":153,"height":59,"caption":"APOIAR"},"image":{"@id":"https:\/\/apoiar-stressdeguerra.com\/pt\/#\/schema\/logo\/image\/"},"sameAs":["https:\/\/www.facebook.com\/stressdeguerraapoiar\/","https:\/\/x.com\/aapoiar"]},{"@type":"Person","@id":"https:\/\/apoiar-stressdeguerra.com\/pt\/#\/schema\/person\/2a2075124c4f97ee5005d25282ae26ee","name":"apoiar","image":{"@type":"ImageObject","inLanguage":"pt-PT","@id":"https:\/\/apoiar-stressdeguerra.com\/pt\/#\/schema\/person\/image\/","url":"https:\/\/secure.gravatar.com\/avatar\/ffa6c738212b72e4a4a5c378831188325983795de334672f7b3b222f864ffd8f?s=96&d=mm&r=g","contentUrl":"https:\/\/secure.gravatar.com\/avatar\/ffa6c738212b72e4a4a5c378831188325983795de334672f7b3b222f864ffd8f?s=96&d=mm&r=g","caption":"apoiar"}}]}},"_links":{"self":[{"href":"https:\/\/apoiar-stressdeguerra.com\/pt\/wp-json\/wp\/v2\/posts\/2344","targetHints":{"allow":["GET"]}}],"collection":[{"href":"https:\/\/apoiar-stressdeguerra.com\/pt\/wp-json\/wp\/v2\/posts"}],"about":[{"href":"https:\/\/apoiar-stressdeguerra.com\/pt\/wp-json\/wp\/v2\/types\/post"}],"author":[{"embeddable":true,"href":"https:\/\/apoiar-stressdeguerra.com\/pt\/wp-json\/wp\/v2\/users\/1"}],"replies":[{"embeddable":true,"href":"https:\/\/apoiar-stressdeguerra.com\/pt\/wp-json\/wp\/v2\/comments?post=2344"}],"version-history":[{"count":3,"href":"https:\/\/apoiar-stressdeguerra.com\/pt\/wp-json\/wp\/v2\/posts\/2344\/revisions"}],"predecessor-version":[{"id":2351,"href":"https:\/\/apoiar-stressdeguerra.com\/pt\/wp-json\/wp\/v2\/posts\/2344\/revisions\/2351"}],"wp:attachment":[{"href":"https:\/\/apoiar-stressdeguerra.com\/pt\/wp-json\/wp\/v2\/media?parent=2344"}],"wp:term":[{"taxonomy":"category","embeddable":true,"href":"https:\/\/apoiar-stressdeguerra.com\/pt\/wp-json\/wp\/v2\/categories?post=2344"},{"taxonomy":"post_tag","embeddable":true,"href":"https:\/\/apoiar-stressdeguerra.com\/pt\/wp-json\/wp\/v2\/tags?post=2344"}],"curies":[{"name":"wp","href":"https:\/\/api.w.org\/{rel}","templated":true}]}}