{"id":373,"date":"2011-09-02T12:39:26","date_gmt":"2011-09-02T12:39:26","guid":{"rendered":"http:\/\/apoiar-stressdeguerra.com\/pt\/?p=373"},"modified":"2025-04-08T13:23:19","modified_gmt":"2025-04-08T13:23:19","slug":"trauma-na-primeira-pessoa","status":"publish","type":"post","link":"https:\/\/apoiar-stressdeguerra.com\/pt\/2011\/09\/02\/trauma-na-primeira-pessoa\/","title":{"rendered":"Trauma na primeira pessoa"},"content":{"rendered":"<div id=\"pl-373\"  class=\"panel-layout\" ><div id=\"pg-373-0\"  class=\"panel-grid panel-no-style\" ><div id=\"pgc-373-0-0\"  class=\"panel-grid-cell\" ><div id=\"panel-373-0-0-0\" class=\"so-panel widget widget_sow-editor panel-first-child panel-last-child\" data-index=\"0\" ><div\n\t\t\t\n\t\t\tclass=\"so-widget-sow-editor so-widget-sow-editor-base\"\n\t\t\t\n\t\t>\n<div class=\"siteorigin-widget-tinymce textwidget\">\n\t<h4><img loading=\"lazy\" decoding=\"async\" class=\"alignnone size-large wp-image-2305\" src=\"https:\/\/apoiar-stressdeguerra.com\/pt\/wp-content\/uploads\/2011\/09\/Imagens-Para-Jornal-1024x386.png\" alt=\"\" width=\"800\" height=\"302\" srcset=\"https:\/\/apoiar-stressdeguerra.com\/pt\/wp-content\/uploads\/2011\/09\/Imagens-Para-Jornal-1024x386.png 1024w, https:\/\/apoiar-stressdeguerra.com\/pt\/wp-content\/uploads\/2011\/09\/Imagens-Para-Jornal-300x113.png 300w, https:\/\/apoiar-stressdeguerra.com\/pt\/wp-content\/uploads\/2011\/09\/Imagens-Para-Jornal-768x289.png 768w, https:\/\/apoiar-stressdeguerra.com\/pt\/wp-content\/uploads\/2011\/09\/Imagens-Para-Jornal-600x226.png 600w, https:\/\/apoiar-stressdeguerra.com\/pt\/wp-content\/uploads\/2011\/09\/Imagens-Para-Jornal.png 1414w\" sizes=\"auto, (max-width: 800px) 100vw, 800px\" \/><\/h4>\n<h6><em>\"Trauma na Primeira Pessoa\" O psic\u00f3logo cl\u00ednico Nuno Mendes Duarte faz-nos uma descri\u00e7\u00e3o do modo como muitos ex-combatentes relatam as suas experi\u00eancias de guerra nas sess\u00f5es de terapia.<br \/>\nEmbora cruas, estas confiss\u00f5es s\u00e3o o que demais importante existe para se lidar com o trauma.\u00a0 <\/em><em>Este \u00e9 um relato ficcionado. Toda e qualquer semelhan\u00e7a deste relato com a realidade \u00e9 pura coincid\u00eancia.<\/em><\/h6>\n<h4>Por: Nuno Mendes Duarte(*)<\/h4>\n<p>\"A picada doutor. Eu lembro-me da picada. Como \u00e9 que posso falar do que n\u00e3o me quero lembrar. Posso acender este cigarro? Importa-se, doutor? Claro que n\u00e3o se importa\u2026 As pessoas n\u00e3o se importam de aturar quem sofre. Sim, porque eu sei que me est\u00e1 a aturar. No fundo, que \u00e9 que quer de mim, ah claro, eu \u00e9 que vim ter consigo. Engana-se. Eu n\u00e3o vim ter consigo. Eu estou aqui. Mas n\u00e3o vim ter consigo. Porque eu n\u00e3o consigo estar com ningu\u00e9m agora\u2026 sou uma am\u00e1lgama de destro\u00e7os de mina embutidos em mim. Oi\u00e7o berros de vidros estilha\u00e7ados e gemidos de ferro torcido que surgem do vento. A picada. A picada era uma po\u00e7a de sangue. Cor de rubi, escarlate, sangue vivo que se esvai de um corpo que ainda corre para apanhar a vida, que j\u00e1 come\u00e7ou a fugir pela ladeira abaixo. N\u00e3o sabe que isto \u00e9 uma ladeira desde que nascemos. \u00c9 sempre a descer e acaba a qualquer instante. Se fecho os olhos \u00e9 isto que est\u00e1 c\u00e1. Uma valeta em tons de escarlate com cheiro a morte. Eu n\u00e3o me quero lembrar, mas tenho um filme a correr no limite do meu olhar. Um filme com liga\u00e7\u00e3o directa ao peito\u2026<\/p>\n<p>Imagine algu\u00e9m sentado sobre o seu peito doutor, a fazer for\u00e7a. Agora experimente respirar quando o horror lhe sopra ao ouvido. O ar n\u00e3o entra, e h\u00e1 um choro sufocado que aperta ainda mais. Que vida \u00e9 esta de sobressalto e tremuras? Eu n\u00e3o consigo pensar em guerra. S\u00e3o varas verdes, tr\u00e9mulas e gelatinosas que me enchem o lugar das pernas. E o horror do sangue na picada que n\u00e3o me larga a pele\u2026 n\u00e3o lhe cheira aqui a sangue, doutor?<\/p>\n<p>A semana passada chorei todos os dias. Eu n\u00e3o chorava h\u00e1 dez anos. E pode n\u00e3o acreditar mas irrita-me tanto o sil\u00eancio como os barulhos que oi\u00e7o. Deixo-me devorar por um choro de raiva e de medo? Porqu\u00ea? Porque \u00e9 que n\u00e3o o salvei?<\/p>\n<p>E, o meu camarada que l\u00e1 ficou? Eu podia ter detectado que ali estava a mina. Sabe que quando fecho os olhos \u00e0 noite e tento dormir, ando \u00e0s voltas amarfanhado por um len\u00e7ol de culpa que me abafa, me agita e me faz saltar da cama \u00e0s 3 da manh\u00e3\u2026 n\u00e3o aguento estas noites sem sono. Desde o Ultramar que n\u00e3o vivo. S\u00f3 sonho. Som da mina a deflagrar, o rebentamento e o olhar dele no meu, enquanto grita pela mulher\u2026 J\u00e1 sentiu algu\u00e9m que vai morrer aos seus bra\u00e7os, doutor? Nestes pesadelos ainda tremo com os sobressaltos do corpo, um compasso de solavancos ritmados a sacudir o meu cora\u00e7\u00e3o em chamas. O olhar daquele homem que sabe o que o espera, peda\u00e7os de a\u00e7o em movimento que destroem as suas pernas\u2026 O corpo s\u00e3o peda\u00e7os de ferro ensanguentados. Estou a ouvi-lo com as p\u00e1s do helic\u00f3ptero a abafar gemidos surdos de dor... eu n\u00e3o estou doido, mas juro que ainda o oi\u00e7o a gemer. Ele jaz na picada com cheiro a morte e escorre-lhe o sangue em tons de escarlate. Eu n\u00e3o me quero lembrar, mas preciso que isto me largue para voltar a ser livre. \u00c9 por isso que estou aqui nesta sala, agora. Descobri que a culpa queima o est\u00f4mago, ardendo em combust\u00e3o lenta, desgasta e corr\u00f3i o corpo at\u00e9 restar um esqueleto descascado do que se era. Eu era forte\u2026 sabe?<\/p>\n<p>Agora pare\u00e7o um caco arruinado que algu\u00e9m deixou na soleira Invernos a mais\u2026 Gostava de ter os Ver\u00f5es de volta, que algu\u00e9m me guardasse dentro de casa, me voltasse a p\u00f4r uma casca e me dissesse \u201cEst\u00e1 tudo bem, aqui est\u00e1s quente e seguro. A culpa n\u00e3o \u00e9 tua.\u201d Como \u00e9 que o pensamento nos oculta a verdade? A verdade \u00e9 que eu n\u00e3o podia adivinhar, \u00e9 assim a guerra\u2026 no entanto, s\u00f3 me ocorre pensar: \u201cDevias ter feito melhor, Ant\u00f3nio.\u201d Eu n\u00e3o me quero lembrar. N\u00e3o v\u00ea esta bola de ang\u00fastia que trepa pela minha garganta? S\u00e3o fragmentos de dor. S\u00e3o imagens, sons, emo\u00e7\u00f5es condensadas em cinco segundos de trauma. Cinco segundos que me est\u00e3o a matar todos dias. Como \u00e9 que me livro disto sem me lembrar\u2026<\/p>\n<p>Cada pensamento traz de volta tudo novamente como se estivesse ainda a com ele nos bra\u00e7os\u2026 Maldito! Quem\u2026? Quem \u00e9 que\u2026? Quem \u00e9 que nos salva quando deixamos de acreditar\u2026 Oh, doutor\u2026 No que desejaria eu voltar a acreditar? Simplesmente, que a vida ainda faz sentido. Terminei este cigarro, estou nas suas m\u00e3os. Mas ainda n\u00e3o estive aqui consigo. Continuo l\u00e1, traga-me de volta quando puder e, por favor, feche a porta porque vem a\u00ed o Inverno.\"<\/p>\n<p><strong>Publicado originalmente no <a href=\"https:\/\/drive.google.com\/file\/d\/1rYzSEOX0YWSjxqB4v12IFWAEWFlMMqNM\/view?usp=sharing\" target=\"_blank\" rel=\"noopener\">n\u00ba 62 de Janeiro e Fevereiro de 2010<\/a> do Jornal APOIAR<\/strong><\/p>\n<p><strong>(*) Psic\u00f3logo Cl\u00ednico<\/strong><\/p>\n<\/div>\n<\/div><\/div><\/div><\/div><\/div>","protected":false},"excerpt":{"rendered":"<p>&#8220;Trauma na Primeira Pessoa&#8221; O psic\u00f3logo cl\u00ednico Nuno Mendes Duarte faz-nos uma descri\u00e7\u00e3o do modo como muitos ex-combatentes relatam as suas experi\u00eancias de guerra nas sess\u00f5es de terapia. Embora cruas, estas confiss\u00f5es s\u00e3o o que demais importante existe para se lidar com o trauma.\u00a0 Este \u00e9 um relato ficcionado. Toda e qualquer semelhan\u00e7a deste relato <a class=\"read-more\" href=\"https:\/\/apoiar-stressdeguerra.com\/pt\/2011\/09\/02\/trauma-na-primeira-pessoa\/\">Leia mais<\/a><\/p>\n","protected":false},"author":1,"featured_media":0,"comment_status":"open","ping_status":"open","sticky":false,"template":"","format":"standard","meta":{"_uf_show_specific_survey":0,"_uf_disable_surveys":false,"footnotes":""},"categories":[17],"tags":[15,24],"class_list":["post-373","post","type-post","status-publish","format-standard","hentry","category-artigos-cientificos","tag-stress-de-guerra","tag-trauma"],"yoast_head":"<!-- This site is optimized with the Yoast SEO plugin v26.8 - https:\/\/yoast.com\/product\/yoast-seo-wordpress\/ -->\n<title>Trauma na primeira pessoa - APOIAR<\/title>\n<meta name=\"description\" content=\"Trauma na primeira pessoa. Saiba como os antigos combatentes com stress de guerra relatam as suas experi\u00eancias neste relato ficcionado de uma consulta\" \/>\n<meta name=\"robots\" content=\"index, follow, max-snippet:-1, max-image-preview:large, max-video-preview:-1\" \/>\n<link rel=\"canonical\" href=\"https:\/\/apoiar-stressdeguerra.com\/pt\/2011\/09\/02\/trauma-na-primeira-pessoa\/\" \/>\n<meta property=\"og:locale\" content=\"pt_PT\" \/>\n<meta property=\"og:type\" content=\"article\" \/>\n<meta property=\"og:title\" content=\"Trauma na primeira pessoa - APOIAR\" \/>\n<meta property=\"og:description\" content=\"Trauma na primeira pessoa. Saiba como os antigos combatentes com stress de guerra relatam as suas experi\u00eancias neste relato ficcionado de uma consulta\" \/>\n<meta property=\"og:url\" content=\"https:\/\/apoiar-stressdeguerra.com\/pt\/2011\/09\/02\/trauma-na-primeira-pessoa\/\" \/>\n<meta property=\"og:site_name\" content=\"APOIAR\" \/>\n<meta property=\"article:publisher\" content=\"https:\/\/www.facebook.com\/stressdeguerraapoiar\/\" \/>\n<meta property=\"article:published_time\" content=\"2011-09-02T12:39:26+00:00\" \/>\n<meta property=\"article:modified_time\" content=\"2025-04-08T13:23:19+00:00\" \/>\n<meta property=\"og:image\" content=\"https:\/\/apoiar-stressdeguerra.com\/pt\/wp-content\/uploads\/2011\/09\/Imagens-Para-Jornal.png\" \/>\n\t<meta property=\"og:image:width\" content=\"1414\" \/>\n\t<meta property=\"og:image:height\" content=\"533\" \/>\n\t<meta property=\"og:image:type\" content=\"image\/png\" \/>\n<meta name=\"author\" content=\"apoiar\" \/>\n<meta name=\"twitter:card\" content=\"summary_large_image\" \/>\n<meta name=\"twitter:creator\" content=\"@aapoiar\" \/>\n<meta name=\"twitter:site\" content=\"@aapoiar\" \/>\n<meta name=\"twitter:label1\" content=\"Escrito por\" \/>\n\t<meta name=\"twitter:data1\" content=\"apoiar\" \/>\n\t<meta name=\"twitter:label2\" content=\"Tempo estimado de leitura\" \/>\n\t<meta name=\"twitter:data2\" content=\"5 minutos\" \/>\n<script type=\"application\/ld+json\" class=\"yoast-schema-graph\">{\"@context\":\"https:\/\/schema.org\",\"@graph\":[{\"@type\":\"Article\",\"@id\":\"https:\/\/apoiar-stressdeguerra.com\/pt\/2011\/09\/02\/trauma-na-primeira-pessoa\/#article\",\"isPartOf\":{\"@id\":\"https:\/\/apoiar-stressdeguerra.com\/pt\/2011\/09\/02\/trauma-na-primeira-pessoa\/\"},\"author\":{\"name\":\"apoiar\",\"@id\":\"https:\/\/apoiar-stressdeguerra.com\/pt\/#\/schema\/person\/2a2075124c4f97ee5005d25282ae26ee\"},\"headline\":\"Trauma na primeira pessoa\",\"datePublished\":\"2011-09-02T12:39:26+00:00\",\"dateModified\":\"2025-04-08T13:23:19+00:00\",\"mainEntityOfPage\":{\"@id\":\"https:\/\/apoiar-stressdeguerra.com\/pt\/2011\/09\/02\/trauma-na-primeira-pessoa\/\"},\"wordCount\":913,\"commentCount\":0,\"publisher\":{\"@id\":\"https:\/\/apoiar-stressdeguerra.com\/pt\/#organization\"},\"image\":{\"@id\":\"https:\/\/apoiar-stressdeguerra.com\/pt\/2011\/09\/02\/trauma-na-primeira-pessoa\/#primaryimage\"},\"thumbnailUrl\":\"https:\/\/apoiar-stressdeguerra.com\/pt\/wp-content\/uploads\/2011\/09\/Imagens-Para-Jornal-1024x386.png\",\"keywords\":[\"Stress de Guerra\",\"Trauma\"],\"articleSection\":[\"Artigos Cient\u00edficos\"],\"inLanguage\":\"pt-PT\",\"potentialAction\":[{\"@type\":\"CommentAction\",\"name\":\"Comment\",\"target\":[\"https:\/\/apoiar-stressdeguerra.com\/pt\/2011\/09\/02\/trauma-na-primeira-pessoa\/#respond\"]}]},{\"@type\":\"WebPage\",\"@id\":\"https:\/\/apoiar-stressdeguerra.com\/pt\/2011\/09\/02\/trauma-na-primeira-pessoa\/\",\"url\":\"https:\/\/apoiar-stressdeguerra.com\/pt\/2011\/09\/02\/trauma-na-primeira-pessoa\/\",\"name\":\"Trauma na primeira pessoa - APOIAR\",\"isPartOf\":{\"@id\":\"https:\/\/apoiar-stressdeguerra.com\/pt\/#website\"},\"primaryImageOfPage\":{\"@id\":\"https:\/\/apoiar-stressdeguerra.com\/pt\/2011\/09\/02\/trauma-na-primeira-pessoa\/#primaryimage\"},\"image\":{\"@id\":\"https:\/\/apoiar-stressdeguerra.com\/pt\/2011\/09\/02\/trauma-na-primeira-pessoa\/#primaryimage\"},\"thumbnailUrl\":\"https:\/\/apoiar-stressdeguerra.com\/pt\/wp-content\/uploads\/2011\/09\/Imagens-Para-Jornal-1024x386.png\",\"datePublished\":\"2011-09-02T12:39:26+00:00\",\"dateModified\":\"2025-04-08T13:23:19+00:00\",\"description\":\"Trauma na primeira pessoa. Saiba como os antigos combatentes com stress de guerra relatam as suas experi\u00eancias neste relato ficcionado de uma consulta\",\"breadcrumb\":{\"@id\":\"https:\/\/apoiar-stressdeguerra.com\/pt\/2011\/09\/02\/trauma-na-primeira-pessoa\/#breadcrumb\"},\"inLanguage\":\"pt-PT\",\"potentialAction\":[{\"@type\":\"ReadAction\",\"target\":[\"https:\/\/apoiar-stressdeguerra.com\/pt\/2011\/09\/02\/trauma-na-primeira-pessoa\/\"]}]},{\"@type\":\"ImageObject\",\"inLanguage\":\"pt-PT\",\"@id\":\"https:\/\/apoiar-stressdeguerra.com\/pt\/2011\/09\/02\/trauma-na-primeira-pessoa\/#primaryimage\",\"url\":\"https:\/\/apoiar-stressdeguerra.com\/pt\/wp-content\/uploads\/2011\/09\/Imagens-Para-Jornal.png\",\"contentUrl\":\"https:\/\/apoiar-stressdeguerra.com\/pt\/wp-content\/uploads\/2011\/09\/Imagens-Para-Jornal.png\",\"width\":1414,\"height\":533},{\"@type\":\"BreadcrumbList\",\"@id\":\"https:\/\/apoiar-stressdeguerra.com\/pt\/2011\/09\/02\/trauma-na-primeira-pessoa\/#breadcrumb\",\"itemListElement\":[{\"@type\":\"ListItem\",\"position\":1,\"name\":\"In\u00edcio\",\"item\":\"https:\/\/apoiar-stressdeguerra.com\/pt\/\"},{\"@type\":\"ListItem\",\"position\":2,\"name\":\"Trauma na primeira pessoa\"}]},{\"@type\":\"WebSite\",\"@id\":\"https:\/\/apoiar-stressdeguerra.com\/pt\/#website\",\"url\":\"https:\/\/apoiar-stressdeguerra.com\/pt\/\",\"name\":\"APOIAR\",\"description\":\"Associa\u00e7\u00e3o de Apoio aos Ex-combatentes V\u00edtimas do Stress de Guerra.\",\"publisher\":{\"@id\":\"https:\/\/apoiar-stressdeguerra.com\/pt\/#organization\"},\"potentialAction\":[{\"@type\":\"SearchAction\",\"target\":{\"@type\":\"EntryPoint\",\"urlTemplate\":\"https:\/\/apoiar-stressdeguerra.com\/pt\/?s={search_term_string}\"},\"query-input\":{\"@type\":\"PropertyValueSpecification\",\"valueRequired\":true,\"valueName\":\"search_term_string\"}}],\"inLanguage\":\"pt-PT\"},{\"@type\":\"Organization\",\"@id\":\"https:\/\/apoiar-stressdeguerra.com\/pt\/#organization\",\"name\":\"APOIAR\",\"url\":\"https:\/\/apoiar-stressdeguerra.com\/pt\/\",\"logo\":{\"@type\":\"ImageObject\",\"inLanguage\":\"pt-PT\",\"@id\":\"https:\/\/apoiar-stressdeguerra.com\/pt\/#\/schema\/logo\/image\/\",\"url\":\"https:\/\/apoiar-stressdeguerra.com\/pt\/wp-content\/uploads\/2017\/03\/LOGO_tb_transparente.gif\",\"contentUrl\":\"https:\/\/apoiar-stressdeguerra.com\/pt\/wp-content\/uploads\/2017\/03\/LOGO_tb_transparente.gif\",\"width\":153,\"height\":59,\"caption\":\"APOIAR\"},\"image\":{\"@id\":\"https:\/\/apoiar-stressdeguerra.com\/pt\/#\/schema\/logo\/image\/\"},\"sameAs\":[\"https:\/\/www.facebook.com\/stressdeguerraapoiar\/\",\"https:\/\/x.com\/aapoiar\"]},{\"@type\":\"Person\",\"@id\":\"https:\/\/apoiar-stressdeguerra.com\/pt\/#\/schema\/person\/2a2075124c4f97ee5005d25282ae26ee\",\"name\":\"apoiar\",\"image\":{\"@type\":\"ImageObject\",\"inLanguage\":\"pt-PT\",\"@id\":\"https:\/\/apoiar-stressdeguerra.com\/pt\/#\/schema\/person\/image\/\",\"url\":\"https:\/\/secure.gravatar.com\/avatar\/ffa6c738212b72e4a4a5c378831188325983795de334672f7b3b222f864ffd8f?s=96&d=mm&r=g\",\"contentUrl\":\"https:\/\/secure.gravatar.com\/avatar\/ffa6c738212b72e4a4a5c378831188325983795de334672f7b3b222f864ffd8f?s=96&d=mm&r=g\",\"caption\":\"apoiar\"}}]}<\/script>\n<!-- \/ Yoast SEO plugin. -->","yoast_head_json":{"title":"Trauma na primeira pessoa - APOIAR","description":"Trauma na primeira pessoa. Saiba como os antigos combatentes com stress de guerra relatam as suas experi\u00eancias neste relato ficcionado de uma consulta","robots":{"index":"index","follow":"follow","max-snippet":"max-snippet:-1","max-image-preview":"max-image-preview:large","max-video-preview":"max-video-preview:-1"},"canonical":"https:\/\/apoiar-stressdeguerra.com\/pt\/2011\/09\/02\/trauma-na-primeira-pessoa\/","og_locale":"pt_PT","og_type":"article","og_title":"Trauma na primeira pessoa - APOIAR","og_description":"Trauma na primeira pessoa. Saiba como os antigos combatentes com stress de guerra relatam as suas experi\u00eancias neste relato ficcionado de uma consulta","og_url":"https:\/\/apoiar-stressdeguerra.com\/pt\/2011\/09\/02\/trauma-na-primeira-pessoa\/","og_site_name":"APOIAR","article_publisher":"https:\/\/www.facebook.com\/stressdeguerraapoiar\/","article_published_time":"2011-09-02T12:39:26+00:00","article_modified_time":"2025-04-08T13:23:19+00:00","og_image":[{"width":1414,"height":533,"url":"https:\/\/apoiar-stressdeguerra.com\/pt\/wp-content\/uploads\/2011\/09\/Imagens-Para-Jornal.png","type":"image\/png"}],"author":"apoiar","twitter_card":"summary_large_image","twitter_creator":"@aapoiar","twitter_site":"@aapoiar","twitter_misc":{"Escrito por":"apoiar","Tempo estimado de leitura":"5 minutos"},"schema":{"@context":"https:\/\/schema.org","@graph":[{"@type":"Article","@id":"https:\/\/apoiar-stressdeguerra.com\/pt\/2011\/09\/02\/trauma-na-primeira-pessoa\/#article","isPartOf":{"@id":"https:\/\/apoiar-stressdeguerra.com\/pt\/2011\/09\/02\/trauma-na-primeira-pessoa\/"},"author":{"name":"apoiar","@id":"https:\/\/apoiar-stressdeguerra.com\/pt\/#\/schema\/person\/2a2075124c4f97ee5005d25282ae26ee"},"headline":"Trauma na primeira pessoa","datePublished":"2011-09-02T12:39:26+00:00","dateModified":"2025-04-08T13:23:19+00:00","mainEntityOfPage":{"@id":"https:\/\/apoiar-stressdeguerra.com\/pt\/2011\/09\/02\/trauma-na-primeira-pessoa\/"},"wordCount":913,"commentCount":0,"publisher":{"@id":"https:\/\/apoiar-stressdeguerra.com\/pt\/#organization"},"image":{"@id":"https:\/\/apoiar-stressdeguerra.com\/pt\/2011\/09\/02\/trauma-na-primeira-pessoa\/#primaryimage"},"thumbnailUrl":"https:\/\/apoiar-stressdeguerra.com\/pt\/wp-content\/uploads\/2011\/09\/Imagens-Para-Jornal-1024x386.png","keywords":["Stress de Guerra","Trauma"],"articleSection":["Artigos Cient\u00edficos"],"inLanguage":"pt-PT","potentialAction":[{"@type":"CommentAction","name":"Comment","target":["https:\/\/apoiar-stressdeguerra.com\/pt\/2011\/09\/02\/trauma-na-primeira-pessoa\/#respond"]}]},{"@type":"WebPage","@id":"https:\/\/apoiar-stressdeguerra.com\/pt\/2011\/09\/02\/trauma-na-primeira-pessoa\/","url":"https:\/\/apoiar-stressdeguerra.com\/pt\/2011\/09\/02\/trauma-na-primeira-pessoa\/","name":"Trauma na primeira pessoa - APOIAR","isPartOf":{"@id":"https:\/\/apoiar-stressdeguerra.com\/pt\/#website"},"primaryImageOfPage":{"@id":"https:\/\/apoiar-stressdeguerra.com\/pt\/2011\/09\/02\/trauma-na-primeira-pessoa\/#primaryimage"},"image":{"@id":"https:\/\/apoiar-stressdeguerra.com\/pt\/2011\/09\/02\/trauma-na-primeira-pessoa\/#primaryimage"},"thumbnailUrl":"https:\/\/apoiar-stressdeguerra.com\/pt\/wp-content\/uploads\/2011\/09\/Imagens-Para-Jornal-1024x386.png","datePublished":"2011-09-02T12:39:26+00:00","dateModified":"2025-04-08T13:23:19+00:00","description":"Trauma na primeira pessoa. Saiba como os antigos combatentes com stress de guerra relatam as suas experi\u00eancias neste relato ficcionado de uma consulta","breadcrumb":{"@id":"https:\/\/apoiar-stressdeguerra.com\/pt\/2011\/09\/02\/trauma-na-primeira-pessoa\/#breadcrumb"},"inLanguage":"pt-PT","potentialAction":[{"@type":"ReadAction","target":["https:\/\/apoiar-stressdeguerra.com\/pt\/2011\/09\/02\/trauma-na-primeira-pessoa\/"]}]},{"@type":"ImageObject","inLanguage":"pt-PT","@id":"https:\/\/apoiar-stressdeguerra.com\/pt\/2011\/09\/02\/trauma-na-primeira-pessoa\/#primaryimage","url":"https:\/\/apoiar-stressdeguerra.com\/pt\/wp-content\/uploads\/2011\/09\/Imagens-Para-Jornal.png","contentUrl":"https:\/\/apoiar-stressdeguerra.com\/pt\/wp-content\/uploads\/2011\/09\/Imagens-Para-Jornal.png","width":1414,"height":533},{"@type":"BreadcrumbList","@id":"https:\/\/apoiar-stressdeguerra.com\/pt\/2011\/09\/02\/trauma-na-primeira-pessoa\/#breadcrumb","itemListElement":[{"@type":"ListItem","position":1,"name":"In\u00edcio","item":"https:\/\/apoiar-stressdeguerra.com\/pt\/"},{"@type":"ListItem","position":2,"name":"Trauma na primeira pessoa"}]},{"@type":"WebSite","@id":"https:\/\/apoiar-stressdeguerra.com\/pt\/#website","url":"https:\/\/apoiar-stressdeguerra.com\/pt\/","name":"APOIAR","description":"Associa\u00e7\u00e3o de Apoio aos Ex-combatentes V\u00edtimas do Stress de Guerra.","publisher":{"@id":"https:\/\/apoiar-stressdeguerra.com\/pt\/#organization"},"potentialAction":[{"@type":"SearchAction","target":{"@type":"EntryPoint","urlTemplate":"https:\/\/apoiar-stressdeguerra.com\/pt\/?s={search_term_string}"},"query-input":{"@type":"PropertyValueSpecification","valueRequired":true,"valueName":"search_term_string"}}],"inLanguage":"pt-PT"},{"@type":"Organization","@id":"https:\/\/apoiar-stressdeguerra.com\/pt\/#organization","name":"APOIAR","url":"https:\/\/apoiar-stressdeguerra.com\/pt\/","logo":{"@type":"ImageObject","inLanguage":"pt-PT","@id":"https:\/\/apoiar-stressdeguerra.com\/pt\/#\/schema\/logo\/image\/","url":"https:\/\/apoiar-stressdeguerra.com\/pt\/wp-content\/uploads\/2017\/03\/LOGO_tb_transparente.gif","contentUrl":"https:\/\/apoiar-stressdeguerra.com\/pt\/wp-content\/uploads\/2017\/03\/LOGO_tb_transparente.gif","width":153,"height":59,"caption":"APOIAR"},"image":{"@id":"https:\/\/apoiar-stressdeguerra.com\/pt\/#\/schema\/logo\/image\/"},"sameAs":["https:\/\/www.facebook.com\/stressdeguerraapoiar\/","https:\/\/x.com\/aapoiar"]},{"@type":"Person","@id":"https:\/\/apoiar-stressdeguerra.com\/pt\/#\/schema\/person\/2a2075124c4f97ee5005d25282ae26ee","name":"apoiar","image":{"@type":"ImageObject","inLanguage":"pt-PT","@id":"https:\/\/apoiar-stressdeguerra.com\/pt\/#\/schema\/person\/image\/","url":"https:\/\/secure.gravatar.com\/avatar\/ffa6c738212b72e4a4a5c378831188325983795de334672f7b3b222f864ffd8f?s=96&d=mm&r=g","contentUrl":"https:\/\/secure.gravatar.com\/avatar\/ffa6c738212b72e4a4a5c378831188325983795de334672f7b3b222f864ffd8f?s=96&d=mm&r=g","caption":"apoiar"}}]}},"_links":{"self":[{"href":"https:\/\/apoiar-stressdeguerra.com\/pt\/wp-json\/wp\/v2\/posts\/373","targetHints":{"allow":["GET"]}}],"collection":[{"href":"https:\/\/apoiar-stressdeguerra.com\/pt\/wp-json\/wp\/v2\/posts"}],"about":[{"href":"https:\/\/apoiar-stressdeguerra.com\/pt\/wp-json\/wp\/v2\/types\/post"}],"author":[{"embeddable":true,"href":"https:\/\/apoiar-stressdeguerra.com\/pt\/wp-json\/wp\/v2\/users\/1"}],"replies":[{"embeddable":true,"href":"https:\/\/apoiar-stressdeguerra.com\/pt\/wp-json\/wp\/v2\/comments?post=373"}],"version-history":[{"count":7,"href":"https:\/\/apoiar-stressdeguerra.com\/pt\/wp-json\/wp\/v2\/posts\/373\/revisions"}],"predecessor-version":[{"id":2307,"href":"https:\/\/apoiar-stressdeguerra.com\/pt\/wp-json\/wp\/v2\/posts\/373\/revisions\/2307"}],"wp:attachment":[{"href":"https:\/\/apoiar-stressdeguerra.com\/pt\/wp-json\/wp\/v2\/media?parent=373"}],"wp:term":[{"taxonomy":"category","embeddable":true,"href":"https:\/\/apoiar-stressdeguerra.com\/pt\/wp-json\/wp\/v2\/categories?post=373"},{"taxonomy":"post_tag","embeddable":true,"href":"https:\/\/apoiar-stressdeguerra.com\/pt\/wp-json\/wp\/v2\/tags?post=373"}],"curies":[{"name":"wp","href":"https:\/\/api.w.org\/{rel}","templated":true}]}}