{"id":392,"date":"2013-04-01T14:58:51","date_gmt":"2013-04-01T14:58:51","guid":{"rendered":"http:\/\/apoiar-stressdeguerra.com\/pt\/?p=392"},"modified":"2017-03-13T15:02:31","modified_gmt":"2017-03-13T15:02:31","slug":"tese-de-mestrado-em-perturbacao-secundaria-de-stress-traumatico-stsd","status":"publish","type":"post","link":"https:\/\/apoiar-stressdeguerra.com\/pt\/2013\/04\/01\/tese-de-mestrado-em-perturbacao-secundaria-de-stress-traumatico-stsd\/","title":{"rendered":"Tese de Mestrado em Perturba\u00e7\u00e3o Secund\u00e1ria de Stress Traum\u00e1tico (STSD)"},"content":{"rendered":"<div>\n<h4>Por: Susana Martinho de Oliveira *<\/h4>\n<\/div>\n<h6><b>MESTRADO EM PSICOLOGIA<\/b><\/h6>\n<h6><b>\u00c1rea de Especializa\u00e7\u00e3o em Stress e Bem-Estar<\/b><\/h6>\n<h6><b>Disserta\u00e7\u00e3o orientada pela Professora Doutora Alexandra Marques Pinto<\/b><\/h6>\n<div>\n<h6><\/h6>\n<h6>UNIVERSIDADE DE LISBOA &#8211; FACULDADE DE PSICOLOGIA E DE CI\u00caNCIAS DA EDUCA\u00c7\u00c3O<\/h6>\n<\/div>\n<p><b>RESUMO<\/b><\/p>\n<p>A Perturba\u00e7\u00e3o Secund\u00e1ria de Stress Traum\u00e1tico (STSD) tem sido descrita na literatura em c\u00f4njuges e filhos de sobreviventes do Holocausto, em equipas de salvamento e de emerg\u00eancia m\u00e9dica, em terapeutas de indiv\u00edduos traumatizados e em esposas e filhos de<br \/>\nveteranos de guerra. Com a constata\u00e7\u00e3o da problem\u00e1tica inerente ao sofrimento evidenciado pelas fam\u00edlias dos Ex-combatentes da Guerra Colonial Portuguesa (1961-1975) e da lacuna existente ao n\u00edvel te\u00f3rico-emp\u00edrico de estudos nesta \u00e1rea em Portugal, com este trabalho procur\u00e1mos dar um contributo para o estudo do impacto da Perturba\u00e7\u00e3o de Stress P\u00f3s- Traum\u00e1tico (PTSD) de Guerra nas fam\u00edlias dos ex-combatentes portugueses.<\/p>\n<div><\/div>\n<div>Atrav\u00e9s de um estudo quantitativo, correlacional e comparativo estudou-se o impacto da sintomatologia de PTSD e de sintomatologia com\u00f3rbida dos ex-combatentes sobre as suas esposas e filhos, e a influ\u00eancia da sintomatologia de STSD e com\u00f3rbida das esposas nos filhos. Para este objectivo, foram utilizados quatro instrumentos de avalia\u00e7\u00e3o: o Traumatic Events Questionnaire (TEQ), a PTSD Checklist (PCL), o Invent\u00e1rio da Depress\u00e3o de Beck (BDI) e o Invent\u00e1rio de Ansiedade Tra\u00e7o-Estado (STAI).<\/div>\n<div><\/div>\n<div>A amostra total \u00e9 composta por 66 fam\u00edlias (198 indiv\u00edduos), tendo sido dividida inicialmente em dois grupos: o Grupo 1 em que o ex-combatente n\u00e3o sofre de PTSD e o Grupo 2 em que tem esse diagn\u00f3stico cl\u00ednico.<\/div>\n<div><\/div>\n<div>Este estudo veio corroborar a exist\u00eancia de STSD nas esposas dos ex-combatentes com PTSD e a influ\u00eancia da sintomatologia com\u00f3rbida destas m\u00e3es sobre a dos seus filhos. Este estudo permitiu igualmente constatar que a sintomatologia traum\u00e1tica evidenciada pelos filhos n\u00e3o est\u00e1 relacionada com a PTSD do pai nem com a STSD da m\u00e3e, surgindo sim associada \u00e0 vari\u00e1vel g\u00e9nero dos filhos.<\/div>\n<div><\/div>\n<p><span style=\"font-size: medium;\">Link para a respectiva p\u00e1gina do reposit\u00f3rio de teses da Universidade de Lisboa: <a href=\"http:\/\/hdl.handle.net\/10451\/803\" rel=\"nofollow\"><b>http:\/\/hdl.handle.net\/10451\/80<\/b><\/a><\/span><\/p>\n<div><\/div>\n<div><b>A tese de Mestrado pode ser consultada na \u00edntegra\u00a0<a href=\"http:\/\/repositorio.ul.pt\/bitstream\/10451\/803\/1\/16853_Tese_-_Susana_M_Oliveira.pdf\" target=\"_blank\" rel=\"nofollow\">aqui<\/a><\/b><\/div>\n","protected":false},"excerpt":{"rendered":"<p>Por: Susana Martinho de Oliveira * MESTRADO EM PSICOLOGIA \u00c1rea de Especializa\u00e7\u00e3o em Stress e Bem-Estar Disserta\u00e7\u00e3o orientada pela Professora Doutora Alexandra Marques Pinto UNIVERSIDADE DE LISBOA &#8211; FACULDADE DE PSICOLOGIA E DE CI\u00caNCIAS DA EDUCA\u00c7\u00c3O RESUMO A Perturba\u00e7\u00e3o Secund\u00e1ria de Stress Traum\u00e1tico (STSD) tem sido descrita na literatura em c\u00f4njuges e filhos de sobreviventes <a class=\"read-more\" href=\"https:\/\/apoiar-stressdeguerra.com\/pt\/2013\/04\/01\/tese-de-mestrado-em-perturbacao-secundaria-de-stress-traumatico-stsd\/\">Leia mais<\/a><\/p>\n","protected":false},"author":1,"featured_media":0,"comment_status":"open","ping_status":"open","sticky":false,"template":"","format":"standard","meta":{"_uf_show_specific_survey":0,"_uf_disable_surveys":false,"footnotes":""},"categories":[17],"tags":[16,30,32,15,31],"class_list":["post-392","post","type-post","status-publish","format-standard","hentry","category-artigos-cientificos","tag-familia","tag-investigacao","tag-mestrado","tag-stress-de-guerra","tag-stress-de-guerra-secundario"],"yoast_head":"<!-- This site is optimized with the Yoast SEO plugin v26.8 - https:\/\/yoast.com\/product\/yoast-seo-wordpress\/ -->\n<title>Tese de Mestrado em Perturba\u00e7\u00e3o Secund\u00e1ria de Stress Traum\u00e1tico (STSD) - APOIAR<\/title>\n<meta name=\"robots\" content=\"index, follow, max-snippet:-1, max-image-preview:large, max-video-preview:-1\" \/>\n<link rel=\"canonical\" href=\"https:\/\/apoiar-stressdeguerra.com\/pt\/2013\/04\/01\/tese-de-mestrado-em-perturbacao-secundaria-de-stress-traumatico-stsd\/\" \/>\n<meta property=\"og:locale\" content=\"pt_PT\" \/>\n<meta property=\"og:type\" content=\"article\" \/>\n<meta property=\"og:title\" content=\"Tese de Mestrado em Perturba\u00e7\u00e3o Secund\u00e1ria de Stress Traum\u00e1tico (STSD) - APOIAR\" \/>\n<meta property=\"og:description\" content=\"Por: Susana Martinho de Oliveira * MESTRADO EM PSICOLOGIA \u00c1rea de Especializa\u00e7\u00e3o em Stress e Bem-Estar Disserta\u00e7\u00e3o orientada pela Professora Doutora Alexandra Marques Pinto UNIVERSIDADE DE LISBOA &#8211; FACULDADE DE PSICOLOGIA E DE CI\u00caNCIAS DA EDUCA\u00c7\u00c3O RESUMO A Perturba\u00e7\u00e3o Secund\u00e1ria de Stress Traum\u00e1tico (STSD) tem sido descrita na literatura em c\u00f4njuges e filhos de sobreviventes Leia mais\" \/>\n<meta property=\"og:url\" content=\"https:\/\/apoiar-stressdeguerra.com\/pt\/2013\/04\/01\/tese-de-mestrado-em-perturbacao-secundaria-de-stress-traumatico-stsd\/\" \/>\n<meta property=\"og:site_name\" content=\"APOIAR\" \/>\n<meta property=\"article:publisher\" content=\"https:\/\/www.facebook.com\/stressdeguerraapoiar\/\" \/>\n<meta property=\"article:published_time\" content=\"2013-04-01T14:58:51+00:00\" \/>\n<meta property=\"article:modified_time\" content=\"2017-03-13T15:02:31+00:00\" \/>\n<meta name=\"author\" content=\"apoiar\" \/>\n<meta name=\"twitter:card\" content=\"summary_large_image\" \/>\n<meta name=\"twitter:creator\" content=\"@aapoiar\" \/>\n<meta name=\"twitter:site\" content=\"@aapoiar\" \/>\n<meta name=\"twitter:label1\" content=\"Escrito por\" \/>\n\t<meta name=\"twitter:data1\" content=\"apoiar\" \/>\n\t<meta name=\"twitter:label2\" content=\"Tempo estimado de leitura\" \/>\n\t<meta name=\"twitter:data2\" content=\"2 minutos\" \/>\n<script type=\"application\/ld+json\" class=\"yoast-schema-graph\">{\"@context\":\"https:\/\/schema.org\",\"@graph\":[{\"@type\":\"Article\",\"@id\":\"https:\/\/apoiar-stressdeguerra.com\/pt\/2013\/04\/01\/tese-de-mestrado-em-perturbacao-secundaria-de-stress-traumatico-stsd\/#article\",\"isPartOf\":{\"@id\":\"https:\/\/apoiar-stressdeguerra.com\/pt\/2013\/04\/01\/tese-de-mestrado-em-perturbacao-secundaria-de-stress-traumatico-stsd\/\"},\"author\":{\"name\":\"apoiar\",\"@id\":\"https:\/\/apoiar-stressdeguerra.com\/pt\/#\/schema\/person\/2a2075124c4f97ee5005d25282ae26ee\"},\"headline\":\"Tese de Mestrado em Perturba\u00e7\u00e3o Secund\u00e1ria de Stress Traum\u00e1tico (STSD)\",\"datePublished\":\"2013-04-01T14:58:51+00:00\",\"dateModified\":\"2017-03-13T15:02:31+00:00\",\"mainEntityOfPage\":{\"@id\":\"https:\/\/apoiar-stressdeguerra.com\/pt\/2013\/04\/01\/tese-de-mestrado-em-perturbacao-secundaria-de-stress-traumatico-stsd\/\"},\"wordCount\":387,\"commentCount\":0,\"publisher\":{\"@id\":\"https:\/\/apoiar-stressdeguerra.com\/pt\/#organization\"},\"keywords\":[\"Fam\u00edlia\",\"Investiga\u00e7\u00e3o\",\"Mestrado\",\"Stress de Guerra\",\"Stress de Guerra Secund\u00e1rio\"],\"articleSection\":[\"Artigos Cient\u00edficos\"],\"inLanguage\":\"pt-PT\",\"potentialAction\":[{\"@type\":\"CommentAction\",\"name\":\"Comment\",\"target\":[\"https:\/\/apoiar-stressdeguerra.com\/pt\/2013\/04\/01\/tese-de-mestrado-em-perturbacao-secundaria-de-stress-traumatico-stsd\/#respond\"]}]},{\"@type\":\"WebPage\",\"@id\":\"https:\/\/apoiar-stressdeguerra.com\/pt\/2013\/04\/01\/tese-de-mestrado-em-perturbacao-secundaria-de-stress-traumatico-stsd\/\",\"url\":\"https:\/\/apoiar-stressdeguerra.com\/pt\/2013\/04\/01\/tese-de-mestrado-em-perturbacao-secundaria-de-stress-traumatico-stsd\/\",\"name\":\"Tese de Mestrado em Perturba\u00e7\u00e3o Secund\u00e1ria de Stress Traum\u00e1tico (STSD) - APOIAR\",\"isPartOf\":{\"@id\":\"https:\/\/apoiar-stressdeguerra.com\/pt\/#website\"},\"datePublished\":\"2013-04-01T14:58:51+00:00\",\"dateModified\":\"2017-03-13T15:02:31+00:00\",\"breadcrumb\":{\"@id\":\"https:\/\/apoiar-stressdeguerra.com\/pt\/2013\/04\/01\/tese-de-mestrado-em-perturbacao-secundaria-de-stress-traumatico-stsd\/#breadcrumb\"},\"inLanguage\":\"pt-PT\",\"potentialAction\":[{\"@type\":\"ReadAction\",\"target\":[\"https:\/\/apoiar-stressdeguerra.com\/pt\/2013\/04\/01\/tese-de-mestrado-em-perturbacao-secundaria-de-stress-traumatico-stsd\/\"]}]},{\"@type\":\"BreadcrumbList\",\"@id\":\"https:\/\/apoiar-stressdeguerra.com\/pt\/2013\/04\/01\/tese-de-mestrado-em-perturbacao-secundaria-de-stress-traumatico-stsd\/#breadcrumb\",\"itemListElement\":[{\"@type\":\"ListItem\",\"position\":1,\"name\":\"In\u00edcio\",\"item\":\"https:\/\/apoiar-stressdeguerra.com\/pt\/\"},{\"@type\":\"ListItem\",\"position\":2,\"name\":\"Tese de Mestrado em Perturba\u00e7\u00e3o Secund\u00e1ria de Stress Traum\u00e1tico (STSD)\"}]},{\"@type\":\"WebSite\",\"@id\":\"https:\/\/apoiar-stressdeguerra.com\/pt\/#website\",\"url\":\"https:\/\/apoiar-stressdeguerra.com\/pt\/\",\"name\":\"APOIAR\",\"description\":\"Associa\u00e7\u00e3o de Apoio aos Ex-combatentes V\u00edtimas do Stress de Guerra.\",\"publisher\":{\"@id\":\"https:\/\/apoiar-stressdeguerra.com\/pt\/#organization\"},\"potentialAction\":[{\"@type\":\"SearchAction\",\"target\":{\"@type\":\"EntryPoint\",\"urlTemplate\":\"https:\/\/apoiar-stressdeguerra.com\/pt\/?s={search_term_string}\"},\"query-input\":{\"@type\":\"PropertyValueSpecification\",\"valueRequired\":true,\"valueName\":\"search_term_string\"}}],\"inLanguage\":\"pt-PT\"},{\"@type\":\"Organization\",\"@id\":\"https:\/\/apoiar-stressdeguerra.com\/pt\/#organization\",\"name\":\"APOIAR\",\"url\":\"https:\/\/apoiar-stressdeguerra.com\/pt\/\",\"logo\":{\"@type\":\"ImageObject\",\"inLanguage\":\"pt-PT\",\"@id\":\"https:\/\/apoiar-stressdeguerra.com\/pt\/#\/schema\/logo\/image\/\",\"url\":\"https:\/\/apoiar-stressdeguerra.com\/pt\/wp-content\/uploads\/2017\/03\/LOGO_tb_transparente.gif\",\"contentUrl\":\"https:\/\/apoiar-stressdeguerra.com\/pt\/wp-content\/uploads\/2017\/03\/LOGO_tb_transparente.gif\",\"width\":153,\"height\":59,\"caption\":\"APOIAR\"},\"image\":{\"@id\":\"https:\/\/apoiar-stressdeguerra.com\/pt\/#\/schema\/logo\/image\/\"},\"sameAs\":[\"https:\/\/www.facebook.com\/stressdeguerraapoiar\/\",\"https:\/\/x.com\/aapoiar\"]},{\"@type\":\"Person\",\"@id\":\"https:\/\/apoiar-stressdeguerra.com\/pt\/#\/schema\/person\/2a2075124c4f97ee5005d25282ae26ee\",\"name\":\"apoiar\",\"image\":{\"@type\":\"ImageObject\",\"inLanguage\":\"pt-PT\",\"@id\":\"https:\/\/apoiar-stressdeguerra.com\/pt\/#\/schema\/person\/image\/\",\"url\":\"https:\/\/secure.gravatar.com\/avatar\/ffa6c738212b72e4a4a5c378831188325983795de334672f7b3b222f864ffd8f?s=96&d=mm&r=g\",\"contentUrl\":\"https:\/\/secure.gravatar.com\/avatar\/ffa6c738212b72e4a4a5c378831188325983795de334672f7b3b222f864ffd8f?s=96&d=mm&r=g\",\"caption\":\"apoiar\"}}]}<\/script>\n<!-- \/ Yoast SEO plugin. -->","yoast_head_json":{"title":"Tese de Mestrado em Perturba\u00e7\u00e3o Secund\u00e1ria de Stress Traum\u00e1tico (STSD) - APOIAR","robots":{"index":"index","follow":"follow","max-snippet":"max-snippet:-1","max-image-preview":"max-image-preview:large","max-video-preview":"max-video-preview:-1"},"canonical":"https:\/\/apoiar-stressdeguerra.com\/pt\/2013\/04\/01\/tese-de-mestrado-em-perturbacao-secundaria-de-stress-traumatico-stsd\/","og_locale":"pt_PT","og_type":"article","og_title":"Tese de Mestrado em Perturba\u00e7\u00e3o Secund\u00e1ria de Stress Traum\u00e1tico (STSD) - APOIAR","og_description":"Por: Susana Martinho de Oliveira * MESTRADO EM PSICOLOGIA \u00c1rea de Especializa\u00e7\u00e3o em Stress e Bem-Estar Disserta\u00e7\u00e3o orientada pela Professora Doutora Alexandra Marques Pinto UNIVERSIDADE DE LISBOA &#8211; FACULDADE DE PSICOLOGIA E DE CI\u00caNCIAS DA EDUCA\u00c7\u00c3O RESUMO A Perturba\u00e7\u00e3o Secund\u00e1ria de Stress Traum\u00e1tico (STSD) tem sido descrita na literatura em c\u00f4njuges e filhos de sobreviventes Leia mais","og_url":"https:\/\/apoiar-stressdeguerra.com\/pt\/2013\/04\/01\/tese-de-mestrado-em-perturbacao-secundaria-de-stress-traumatico-stsd\/","og_site_name":"APOIAR","article_publisher":"https:\/\/www.facebook.com\/stressdeguerraapoiar\/","article_published_time":"2013-04-01T14:58:51+00:00","article_modified_time":"2017-03-13T15:02:31+00:00","author":"apoiar","twitter_card":"summary_large_image","twitter_creator":"@aapoiar","twitter_site":"@aapoiar","twitter_misc":{"Escrito por":"apoiar","Tempo estimado de leitura":"2 minutos"},"schema":{"@context":"https:\/\/schema.org","@graph":[{"@type":"Article","@id":"https:\/\/apoiar-stressdeguerra.com\/pt\/2013\/04\/01\/tese-de-mestrado-em-perturbacao-secundaria-de-stress-traumatico-stsd\/#article","isPartOf":{"@id":"https:\/\/apoiar-stressdeguerra.com\/pt\/2013\/04\/01\/tese-de-mestrado-em-perturbacao-secundaria-de-stress-traumatico-stsd\/"},"author":{"name":"apoiar","@id":"https:\/\/apoiar-stressdeguerra.com\/pt\/#\/schema\/person\/2a2075124c4f97ee5005d25282ae26ee"},"headline":"Tese de Mestrado em Perturba\u00e7\u00e3o Secund\u00e1ria de Stress Traum\u00e1tico (STSD)","datePublished":"2013-04-01T14:58:51+00:00","dateModified":"2017-03-13T15:02:31+00:00","mainEntityOfPage":{"@id":"https:\/\/apoiar-stressdeguerra.com\/pt\/2013\/04\/01\/tese-de-mestrado-em-perturbacao-secundaria-de-stress-traumatico-stsd\/"},"wordCount":387,"commentCount":0,"publisher":{"@id":"https:\/\/apoiar-stressdeguerra.com\/pt\/#organization"},"keywords":["Fam\u00edlia","Investiga\u00e7\u00e3o","Mestrado","Stress de Guerra","Stress de Guerra Secund\u00e1rio"],"articleSection":["Artigos Cient\u00edficos"],"inLanguage":"pt-PT","potentialAction":[{"@type":"CommentAction","name":"Comment","target":["https:\/\/apoiar-stressdeguerra.com\/pt\/2013\/04\/01\/tese-de-mestrado-em-perturbacao-secundaria-de-stress-traumatico-stsd\/#respond"]}]},{"@type":"WebPage","@id":"https:\/\/apoiar-stressdeguerra.com\/pt\/2013\/04\/01\/tese-de-mestrado-em-perturbacao-secundaria-de-stress-traumatico-stsd\/","url":"https:\/\/apoiar-stressdeguerra.com\/pt\/2013\/04\/01\/tese-de-mestrado-em-perturbacao-secundaria-de-stress-traumatico-stsd\/","name":"Tese de Mestrado em Perturba\u00e7\u00e3o Secund\u00e1ria de Stress Traum\u00e1tico (STSD) - APOIAR","isPartOf":{"@id":"https:\/\/apoiar-stressdeguerra.com\/pt\/#website"},"datePublished":"2013-04-01T14:58:51+00:00","dateModified":"2017-03-13T15:02:31+00:00","breadcrumb":{"@id":"https:\/\/apoiar-stressdeguerra.com\/pt\/2013\/04\/01\/tese-de-mestrado-em-perturbacao-secundaria-de-stress-traumatico-stsd\/#breadcrumb"},"inLanguage":"pt-PT","potentialAction":[{"@type":"ReadAction","target":["https:\/\/apoiar-stressdeguerra.com\/pt\/2013\/04\/01\/tese-de-mestrado-em-perturbacao-secundaria-de-stress-traumatico-stsd\/"]}]},{"@type":"BreadcrumbList","@id":"https:\/\/apoiar-stressdeguerra.com\/pt\/2013\/04\/01\/tese-de-mestrado-em-perturbacao-secundaria-de-stress-traumatico-stsd\/#breadcrumb","itemListElement":[{"@type":"ListItem","position":1,"name":"In\u00edcio","item":"https:\/\/apoiar-stressdeguerra.com\/pt\/"},{"@type":"ListItem","position":2,"name":"Tese de Mestrado em Perturba\u00e7\u00e3o Secund\u00e1ria de Stress Traum\u00e1tico (STSD)"}]},{"@type":"WebSite","@id":"https:\/\/apoiar-stressdeguerra.com\/pt\/#website","url":"https:\/\/apoiar-stressdeguerra.com\/pt\/","name":"APOIAR","description":"Associa\u00e7\u00e3o de Apoio aos Ex-combatentes V\u00edtimas do Stress de Guerra.","publisher":{"@id":"https:\/\/apoiar-stressdeguerra.com\/pt\/#organization"},"potentialAction":[{"@type":"SearchAction","target":{"@type":"EntryPoint","urlTemplate":"https:\/\/apoiar-stressdeguerra.com\/pt\/?s={search_term_string}"},"query-input":{"@type":"PropertyValueSpecification","valueRequired":true,"valueName":"search_term_string"}}],"inLanguage":"pt-PT"},{"@type":"Organization","@id":"https:\/\/apoiar-stressdeguerra.com\/pt\/#organization","name":"APOIAR","url":"https:\/\/apoiar-stressdeguerra.com\/pt\/","logo":{"@type":"ImageObject","inLanguage":"pt-PT","@id":"https:\/\/apoiar-stressdeguerra.com\/pt\/#\/schema\/logo\/image\/","url":"https:\/\/apoiar-stressdeguerra.com\/pt\/wp-content\/uploads\/2017\/03\/LOGO_tb_transparente.gif","contentUrl":"https:\/\/apoiar-stressdeguerra.com\/pt\/wp-content\/uploads\/2017\/03\/LOGO_tb_transparente.gif","width":153,"height":59,"caption":"APOIAR"},"image":{"@id":"https:\/\/apoiar-stressdeguerra.com\/pt\/#\/schema\/logo\/image\/"},"sameAs":["https:\/\/www.facebook.com\/stressdeguerraapoiar\/","https:\/\/x.com\/aapoiar"]},{"@type":"Person","@id":"https:\/\/apoiar-stressdeguerra.com\/pt\/#\/schema\/person\/2a2075124c4f97ee5005d25282ae26ee","name":"apoiar","image":{"@type":"ImageObject","inLanguage":"pt-PT","@id":"https:\/\/apoiar-stressdeguerra.com\/pt\/#\/schema\/person\/image\/","url":"https:\/\/secure.gravatar.com\/avatar\/ffa6c738212b72e4a4a5c378831188325983795de334672f7b3b222f864ffd8f?s=96&d=mm&r=g","contentUrl":"https:\/\/secure.gravatar.com\/avatar\/ffa6c738212b72e4a4a5c378831188325983795de334672f7b3b222f864ffd8f?s=96&d=mm&r=g","caption":"apoiar"}}]}},"_links":{"self":[{"href":"https:\/\/apoiar-stressdeguerra.com\/pt\/wp-json\/wp\/v2\/posts\/392","targetHints":{"allow":["GET"]}}],"collection":[{"href":"https:\/\/apoiar-stressdeguerra.com\/pt\/wp-json\/wp\/v2\/posts"}],"about":[{"href":"https:\/\/apoiar-stressdeguerra.com\/pt\/wp-json\/wp\/v2\/types\/post"}],"author":[{"embeddable":true,"href":"https:\/\/apoiar-stressdeguerra.com\/pt\/wp-json\/wp\/v2\/users\/1"}],"replies":[{"embeddable":true,"href":"https:\/\/apoiar-stressdeguerra.com\/pt\/wp-json\/wp\/v2\/comments?post=392"}],"version-history":[{"count":1,"href":"https:\/\/apoiar-stressdeguerra.com\/pt\/wp-json\/wp\/v2\/posts\/392\/revisions"}],"predecessor-version":[{"id":393,"href":"https:\/\/apoiar-stressdeguerra.com\/pt\/wp-json\/wp\/v2\/posts\/392\/revisions\/393"}],"wp:attachment":[{"href":"https:\/\/apoiar-stressdeguerra.com\/pt\/wp-json\/wp\/v2\/media?parent=392"}],"wp:term":[{"taxonomy":"category","embeddable":true,"href":"https:\/\/apoiar-stressdeguerra.com\/pt\/wp-json\/wp\/v2\/categories?post=392"},{"taxonomy":"post_tag","embeddable":true,"href":"https:\/\/apoiar-stressdeguerra.com\/pt\/wp-json\/wp\/v2\/tags?post=392"}],"curies":[{"name":"wp","href":"https:\/\/api.w.org\/{rel}","templated":true}]}}