{"id":404,"date":"2016-01-06T15:38:41","date_gmt":"2016-01-06T15:38:41","guid":{"rendered":"http:\/\/apoiar-stressdeguerra.com\/pt\/?p=404"},"modified":"2025-07-29T10:32:10","modified_gmt":"2025-07-29T10:32:10","slug":"comunicacao-e-envelhecimento","status":"publish","type":"post","link":"https:\/\/apoiar-stressdeguerra.com\/pt\/2016\/01\/06\/comunicacao-e-envelhecimento\/","title":{"rendered":"Comunica\u00e7\u00e3o e Envelhecimento"},"content":{"rendered":"<p data-start=\"415\" data-end=\"459\"><strong data-start=\"415\" data-end=\"459\">Por: Afonso Paix\u00e3o (<em data-start=\"437\" data-end=\"456\">Psic\u00f3logo Cl\u00ednico<\/em>)<\/strong><\/p>\n<h2 data-section-id=\"5waj5h\" data-start=\"461\" data-end=\"513\"><img loading=\"lazy\" decoding=\"async\" class=\"alignnone wp-image-2472 size-large\" src=\"https:\/\/apoiar-stressdeguerra.com\/pt\/wp-content\/uploads\/2016\/01\/comunicacao-1024x521.jpeg\" alt=\"A comunica\u00e7\u00e3o \u00e9 essencial para um envelhecimento saud\u00e1vel. Descubra como as altera\u00e7\u00f5es cognitivas, sociais e sensoriais influenciam a linguagem na velhice e porque comunicar bem \u00e9 vital para a qualidade de vida.\" width=\"800\" height=\"407\" srcset=\"https:\/\/apoiar-stressdeguerra.com\/pt\/wp-content\/uploads\/2016\/01\/comunicacao-1024x521.jpeg 1024w, https:\/\/apoiar-stressdeguerra.com\/pt\/wp-content\/uploads\/2016\/01\/comunicacao-300x153.jpeg 300w, https:\/\/apoiar-stressdeguerra.com\/pt\/wp-content\/uploads\/2016\/01\/comunicacao-768x391.jpeg 768w, https:\/\/apoiar-stressdeguerra.com\/pt\/wp-content\/uploads\/2016\/01\/comunicacao.jpeg 1536w\" sizes=\"auto, (max-width: 800px) 100vw, 800px\" \/><\/h2>\n<h2 data-section-id=\"5waj5h\" data-start=\"461\" data-end=\"513\"><strong data-start=\"464\" data-end=\"513\">A import\u00e2ncia da comunica\u00e7\u00e3o ao longo da vida<\/strong><\/h2>\n<p data-start=\"515\" data-end=\"883\">A comunica\u00e7\u00e3o assume um papel por demais importante no envelhecimento saud\u00e1vel e na nossa vida, sendo essencial para a nossa sobreviv\u00eancia (Heine &amp; Browing: 2002). Pensar o dia-a-dia sem que, de alguma forma, tenhamos de comunicar com os outros, \u00e9 praticamente imposs\u00edvel. Desde as tarefas de lazer ao trabalho, s\u00e3o incont\u00e1veis as tarefas cuja concretiza\u00e7\u00e3o se ancora nas transa\u00e7\u00f5es de informa\u00e7\u00e3o.<\/p>\n<blockquote>\n<p data-start=\"515\" data-end=\"883\">Pensar o dia-a-dia sem que, de alguma forma, tenhamos de comunicar com os outros, \u00e9 praticamente imposs\u00edvel.<\/p>\n<\/blockquote>\n<h2 data-section-id=\"4vcej9\" data-start=\"995\" data-end=\"1042\"><strong data-start=\"998\" data-end=\"1042\">Comunicar vai al\u00e9m da troca de mensagens<\/strong><\/h2>\n<p data-start=\"1044\" data-end=\"1411\">Comunicar n\u00e3o se pode reduzir apenas \u00e0 mera transmiss\u00e3o de informa\u00e7\u00e3o (feita pelo emissor), e \u00e0 respetiva descodifica\u00e7\u00e3o da mensagem (pelo receptor). O acto de comunicar vai muito mais al\u00e9m, sendo um instrumento fundamental para o ajustamento psicossocial \u2014 quer no modo intrapessoal (conversas na nossa cabe\u00e7a), quer na modalidade interpessoal, envolvendo os outros.<\/p>\n<p data-start=\"1413\" data-end=\"1640\">Contribui assim, se de forma eficaz e funcional, para manter o sentido de identidade, para aliviar a solid\u00e3o e at\u00e9 para diminuir a incid\u00eancia de psicopatologia, como a depress\u00e3o e ansiedade (Yorkston, Bourgeois &amp; Baylor, 2010).<\/p>\n<h2 data-section-id=\"favys3\" data-start=\"1642\" data-end=\"1696\"><strong data-start=\"1645\" data-end=\"1696\">A comunica\u00e7\u00e3o como ferramenta de liga\u00e7\u00e3o social<\/strong><\/h2>\n<p data-start=\"1698\" data-end=\"1862\">Falta ainda falar da fun\u00e7\u00e3o da comunica\u00e7\u00e3o em unir as pessoas do seu meio, permitindo assim uma afilia\u00e7\u00e3o social, assim como satisfazer as necessidades relacionais.<\/p>\n<p data-start=\"1864\" data-end=\"2043\">Assim, as potencialidades da comunica\u00e7\u00e3o s\u00e3o imensas, n\u00e3o sendo de estranhar a necessidade que as pessoas t\u00eam de ouvir e de ser ouvidas seja uma constante ao longo do ciclo vital.<\/p>\n<h2 data-section-id=\"1w6p0x\" data-start=\"2045\" data-end=\"2088\"><strong data-start=\"2048\" data-end=\"2088\">Linguagem e envelhecimento cognitivo<\/strong><\/h2>\n<p data-start=\"2090\" data-end=\"2220\">Na verdade, a linguagem constitui o suporte do pensamento, funcionando assim como antec\u00e2mara da ac\u00e7\u00e3o (Lima Santos &amp; Gomes, 2004).<\/p>\n<p data-start=\"2222\" data-end=\"2425\">Das v\u00e1rias fun\u00e7\u00f5es cognitivas, a linguagem \u00e9 a que menos sofre com o processo de envelhecimento (Clark-Cotton, 2007). De facto, a maior parte dos adultos comunica de forma eficaz ao longo de toda a vida.<\/p>\n<p data-start=\"2427\" data-end=\"2573\">Existem aspectos da intelig\u00eancia, como todos os conhecimentos adquiridos ao longo da vida, que permanecem mais ou menos est\u00e1veis ao longo da vida.<\/p>\n<h2 data-section-id=\"h34gc1\" data-start=\"2575\" data-end=\"2625\"><strong data-start=\"2578\" data-end=\"2625\">Reserva cognitiva e envelhecimento saud\u00e1vel<\/strong><\/h2>\n<p data-start=\"2627\" data-end=\"2744\">Torna-se assim pertinente pensar: porque n\u00e3o sofre a linguagem tanto como a grande maioria das habilidades cerebrais?<\/p>\n<p data-start=\"2746\" data-end=\"3052\">Stern (citado por Ansado 2013) explica que o facto de muitos aspectos se manterem est\u00e1veis adv\u00e9m da habilidade de optimizar o desempenho mental. Esta capacidade \u00e9 actualmente apelidada de <em data-start=\"2934\" data-end=\"2953\">reserva cognitiva<\/em>, sendo que o nosso c\u00e9rebro criaria novas redes neuronais com o avan\u00e7ar da idade e do conhecimento.<\/p>\n<h2 data-section-id=\"ttwc6e\" data-start=\"3054\" data-end=\"3104\"><strong data-start=\"3057\" data-end=\"3104\">Altera\u00e7\u00f5es na comunica\u00e7\u00e3o na terceira idade<\/strong><\/h2>\n<p data-start=\"3106\" data-end=\"3345\">\u00c9 importante n\u00e3o esquecer que, apesar de a maior parte da nossa capacidade lingu\u00edstica permanecer inalterada, \u00e9 poss\u00edvel experienciar a perda de algumas habilidades de comunica\u00e7\u00e3o. Por exemplo: dificuldade em encontrar uma palavra ou nome.<\/p>\n<p data-start=\"3347\" data-end=\"3770\">Altera\u00e7\u00f5es f\u00edsicas, psicol\u00f3gicas e sociais caracterizam o processo de envelhecimento, influenciando sobremaneira a maneira de comunicar entre as pessoas (Heine &amp; Browing, 2002). As altera\u00e7\u00f5es associadas ao envelhecimento, como a perda sensorial, redu\u00e7\u00e3o da velocidade de processamento, perda de identidade laboral, diminui\u00e7\u00e3o do poder e influ\u00eancia sobre os outros, afectam de forma muito vari\u00e1vel o funcionamento da pessoa.<\/p>\n<p data-start=\"3772\" data-end=\"3856\">Sendo a popula\u00e7\u00e3o idosa, provavelmente, o grupo mais heterog\u00e9neo na nossa sociedade.<\/p>\n<h2 data-section-id=\"1e17icn\" data-start=\"3858\" data-end=\"3906\"><strong data-start=\"3861\" data-end=\"3906\">Fatores que afetam a linguagem na velhice<\/strong><\/h2>\n<p data-start=\"3908\" data-end=\"4056\">Os factores que influenciam as altera\u00e7\u00f5es da linguagem s\u00e3o de quatro ordens: <strong data-start=\"3985\" data-end=\"4056\">altera\u00e7\u00f5es sensoriais, neurobiol\u00f3gicas, cognitivas e psicossociais.<\/strong><\/p>\n<h3 data-section-id=\"1peuhpi\" data-start=\"4058\" data-end=\"4105\"><strong data-start=\"4062\" data-end=\"4105\">Altera\u00e7\u00f5es sensoriais no envelhecimento<\/strong><\/h3>\n<p data-start=\"4107\" data-end=\"4362\">Por altera\u00e7\u00f5es sensoriais estamos a referir-nos \u00e0s perturba\u00e7\u00f5es da vis\u00e3o e audi\u00e7\u00e3o, que em muito afectam a capacidade de comunicar no dia-a-dia e provocam alguns conflitos sociais, sensa\u00e7\u00e3o de depress\u00e3o, aumentando o isolamento e diminuindo a auto-estima.<\/p>\n<h3 data-section-id=\"1ghoq7e\" data-start=\"4364\" data-end=\"4398\"><strong data-start=\"4368\" data-end=\"4398\">Altera\u00e7\u00f5es neurobiol\u00f3gicas<\/strong><\/h3>\n<p data-start=\"4400\" data-end=\"4647\">Por altera\u00e7\u00f5es neuro-biol\u00f3gicas, estou a referir-me ao decl\u00ednio da massa branca do c\u00e9rebro, que parece estar associado a um baixo desempenho do funcionamento executivo, diminui\u00e7\u00e3o da velocidade de execu\u00e7\u00e3o e mem\u00f3ria impl\u00edcita (Clark-Cotton, 2007).<\/p>\n<h3 data-section-id=\"jzmvv5\" data-start=\"4649\" data-end=\"4688\"><strong data-start=\"4653\" data-end=\"4688\">Altera\u00e7\u00f5es cognitivas e mem\u00f3ria<\/strong><\/h3>\n<p data-start=\"4690\" data-end=\"4909\">As altera\u00e7\u00f5es cognitivas, mais concretamente a mem\u00f3ria, s\u00e3o o processo mais afectado pelo envelhecimento. Observa-se um decl\u00ednio gradual da mem\u00f3ria de trabalho e de armazenamento tempor\u00e1rio da informa\u00e7\u00e3o (Ansado, 2007).<\/p>\n<h3 data-section-id=\"1o48asw\" data-start=\"4911\" data-end=\"4965\"><strong data-start=\"4915\" data-end=\"4965\">Altera\u00e7\u00f5es psicossociais e risco de isolamento<\/strong><\/h3>\n<p data-start=\"4967\" data-end=\"5314\">J\u00e1 em rela\u00e7\u00e3o \u00e0s altera\u00e7\u00f5es psicossociais, \u00e9 importante salientar que ao envelhecer a pessoa perde muitas vezes o seu papel na sociedade e na fam\u00edlia, diminuindo as oportunidades de comunica\u00e7\u00e3o e intera\u00e7\u00e3o social. Isso pode colocar as pessoas em risco de isolamento, potenciar o sentido de perda de identidade e baixar a auto-estima (Touhy, 2011).<\/p>\n<hr data-start=\"5316\" data-end=\"5319\" \/>\n<h2 data-section-id=\"1ktsj5m\" data-start=\"5321\" data-end=\"5377\"><strong data-start=\"5324\" data-end=\"5377\">Comunica\u00e7\u00e3o, identidade e envelhecimento saud\u00e1vel<\/strong><\/h2>\n<p data-start=\"5379\" data-end=\"5625\">Assim, \u00e9 importante pensar no significado que o acto de comunicar tem na nossa sociedade e na nossa vida. Para que seja poss\u00edvel um <strong data-start=\"5511\" data-end=\"5538\">envelhecimento saud\u00e1vel<\/strong>, \u00e9 necess\u00e1rio aumentar a nossa esperan\u00e7a de vida \u2014 e, sobretudo, a qualidade da mesma.<\/p>\n<p data-start=\"5379\" data-end=\"5625\">Para sobreviver no s\u00e9culo XXI, a gin\u00e1stica da comunica\u00e7\u00e3o parece ser um pilar importante para uma vida com qualidade.<\/p>\n<p><strong>Bibliografia: <\/strong>Ansado, J, 2013. The adaptive aging, brain: Evidence from preservation of communication Abilites with are. European Journal of Neuroscience, 1887-1895. Clark-Cotton 2007, Language and Communication in aging. In, J. E. irren, Encyclopedia of Gerentology, London. Elsevier.<\/p>\n<p>Heine, C. &amp; Browning 2002, Communication and psychosocial consequences of sensory loss in older adults: Overview and Rehabilitation directions. Disability and rehabilitation.<\/p>\n<p>Touhy, t 2011. Communication with the older adults Human needs and nursing responses, St. Louis: Elsevier\/Mosby Yorkston, Communication and Aging, Physical Medicine Rehabilitation Clinics of North America. N\u00ba21. 309-319.<\/p>\n","protected":false},"excerpt":{"rendered":"<p>Por: Afonso Paix\u00e3o (Psic\u00f3logo Cl\u00ednico) A import\u00e2ncia da comunica\u00e7\u00e3o ao longo da vida A comunica\u00e7\u00e3o assume um papel por demais importante no envelhecimento saud\u00e1vel e na nossa vida, sendo essencial para a nossa sobreviv\u00eancia (Heine &amp; Browing: 2002). Pensar o dia-a-dia sem que, de alguma forma, tenhamos de comunicar com os outros, \u00e9 praticamente imposs\u00edvel. <a class=\"read-more\" href=\"https:\/\/apoiar-stressdeguerra.com\/pt\/2016\/01\/06\/comunicacao-e-envelhecimento\/\">Leia mais<\/a><\/p>\n","protected":false},"author":1,"featured_media":0,"comment_status":"open","ping_status":"open","sticky":false,"template":"","format":"standard","meta":{"_uf_show_specific_survey":0,"_uf_disable_surveys":false,"footnotes":""},"categories":[17],"tags":[39,26,12],"class_list":["post-404","post","type-post","status-publish","format-standard","hentry","category-artigos-cientificos","tag-envelhecimento","tag-saude-mental","tag-terceira-idade"],"yoast_head":"<!-- This site is optimized with the Yoast SEO plugin v26.8 - https:\/\/yoast.com\/product\/yoast-seo-wordpress\/ -->\n<title>Comunica\u00e7\u00e3o e Envelhecimento - APOIAR<\/title>\n<meta name=\"description\" content=\"A comunica\u00e7\u00e3o \u00e9 essencial para um envelhecimento saud\u00e1vel. Saiba como as altera\u00e7\u00f5es cognitivas, sociais e sensoriais influenciam a linguagem\" \/>\n<meta name=\"robots\" content=\"index, follow, max-snippet:-1, max-image-preview:large, max-video-preview:-1\" \/>\n<link rel=\"canonical\" href=\"https:\/\/apoiar-stressdeguerra.com\/pt\/2016\/01\/06\/comunicacao-e-envelhecimento\/\" \/>\n<meta property=\"og:locale\" content=\"pt_PT\" \/>\n<meta property=\"og:type\" content=\"article\" \/>\n<meta property=\"og:title\" content=\"Comunica\u00e7\u00e3o e Envelhecimento - APOIAR\" \/>\n<meta property=\"og:description\" content=\"A comunica\u00e7\u00e3o \u00e9 essencial para um envelhecimento saud\u00e1vel. Saiba como as altera\u00e7\u00f5es cognitivas, sociais e sensoriais influenciam a linguagem\" \/>\n<meta property=\"og:url\" content=\"https:\/\/apoiar-stressdeguerra.com\/pt\/2016\/01\/06\/comunicacao-e-envelhecimento\/\" \/>\n<meta property=\"og:site_name\" content=\"APOIAR\" \/>\n<meta property=\"article:publisher\" content=\"https:\/\/www.facebook.com\/stressdeguerraapoiar\/\" \/>\n<meta property=\"article:published_time\" content=\"2016-01-06T15:38:41+00:00\" \/>\n<meta property=\"article:modified_time\" content=\"2025-07-29T10:32:10+00:00\" \/>\n<meta property=\"og:image\" content=\"https:\/\/apoiar-stressdeguerra.com\/pt\/wp-content\/uploads\/2016\/01\/comunicacao.jpeg\" \/>\n\t<meta property=\"og:image:width\" content=\"1536\" \/>\n\t<meta property=\"og:image:height\" content=\"782\" \/>\n\t<meta property=\"og:image:type\" content=\"image\/jpeg\" \/>\n<meta name=\"author\" content=\"apoiar\" \/>\n<meta name=\"twitter:card\" content=\"summary_large_image\" \/>\n<meta name=\"twitter:creator\" content=\"@aapoiar\" \/>\n<meta name=\"twitter:site\" content=\"@aapoiar\" \/>\n<meta name=\"twitter:label1\" content=\"Escrito por\" \/>\n\t<meta name=\"twitter:data1\" content=\"apoiar\" \/>\n\t<meta name=\"twitter:label2\" content=\"Tempo estimado de leitura\" \/>\n\t<meta name=\"twitter:data2\" content=\"5 minutos\" \/>\n<script type=\"application\/ld+json\" class=\"yoast-schema-graph\">{\"@context\":\"https:\/\/schema.org\",\"@graph\":[{\"@type\":\"Article\",\"@id\":\"https:\/\/apoiar-stressdeguerra.com\/pt\/2016\/01\/06\/comunicacao-e-envelhecimento\/#article\",\"isPartOf\":{\"@id\":\"https:\/\/apoiar-stressdeguerra.com\/pt\/2016\/01\/06\/comunicacao-e-envelhecimento\/\"},\"author\":{\"name\":\"apoiar\",\"@id\":\"https:\/\/apoiar-stressdeguerra.com\/pt\/#\/schema\/person\/2a2075124c4f97ee5005d25282ae26ee\"},\"headline\":\"Comunica\u00e7\u00e3o e Envelhecimento\",\"datePublished\":\"2016-01-06T15:38:41+00:00\",\"dateModified\":\"2025-07-29T10:32:10+00:00\",\"mainEntityOfPage\":{\"@id\":\"https:\/\/apoiar-stressdeguerra.com\/pt\/2016\/01\/06\/comunicacao-e-envelhecimento\/\"},\"wordCount\":950,\"commentCount\":0,\"publisher\":{\"@id\":\"https:\/\/apoiar-stressdeguerra.com\/pt\/#organization\"},\"image\":{\"@id\":\"https:\/\/apoiar-stressdeguerra.com\/pt\/2016\/01\/06\/comunicacao-e-envelhecimento\/#primaryimage\"},\"thumbnailUrl\":\"https:\/\/apoiar-stressdeguerra.com\/pt\/wp-content\/uploads\/2016\/01\/comunicacao-1024x521.jpeg\",\"keywords\":[\"Envelhecimento\",\"Sa\u00fade Mental\",\"Terceira Idade\"],\"articleSection\":[\"Artigos Cient\u00edficos\"],\"inLanguage\":\"pt-PT\",\"potentialAction\":[{\"@type\":\"CommentAction\",\"name\":\"Comment\",\"target\":[\"https:\/\/apoiar-stressdeguerra.com\/pt\/2016\/01\/06\/comunicacao-e-envelhecimento\/#respond\"]}]},{\"@type\":\"WebPage\",\"@id\":\"https:\/\/apoiar-stressdeguerra.com\/pt\/2016\/01\/06\/comunicacao-e-envelhecimento\/\",\"url\":\"https:\/\/apoiar-stressdeguerra.com\/pt\/2016\/01\/06\/comunicacao-e-envelhecimento\/\",\"name\":\"Comunica\u00e7\u00e3o e Envelhecimento - APOIAR\",\"isPartOf\":{\"@id\":\"https:\/\/apoiar-stressdeguerra.com\/pt\/#website\"},\"primaryImageOfPage\":{\"@id\":\"https:\/\/apoiar-stressdeguerra.com\/pt\/2016\/01\/06\/comunicacao-e-envelhecimento\/#primaryimage\"},\"image\":{\"@id\":\"https:\/\/apoiar-stressdeguerra.com\/pt\/2016\/01\/06\/comunicacao-e-envelhecimento\/#primaryimage\"},\"thumbnailUrl\":\"https:\/\/apoiar-stressdeguerra.com\/pt\/wp-content\/uploads\/2016\/01\/comunicacao-1024x521.jpeg\",\"datePublished\":\"2016-01-06T15:38:41+00:00\",\"dateModified\":\"2025-07-29T10:32:10+00:00\",\"description\":\"A comunica\u00e7\u00e3o \u00e9 essencial para um envelhecimento saud\u00e1vel. Saiba como as altera\u00e7\u00f5es cognitivas, sociais e sensoriais influenciam a linguagem\",\"breadcrumb\":{\"@id\":\"https:\/\/apoiar-stressdeguerra.com\/pt\/2016\/01\/06\/comunicacao-e-envelhecimento\/#breadcrumb\"},\"inLanguage\":\"pt-PT\",\"potentialAction\":[{\"@type\":\"ReadAction\",\"target\":[\"https:\/\/apoiar-stressdeguerra.com\/pt\/2016\/01\/06\/comunicacao-e-envelhecimento\/\"]}]},{\"@type\":\"ImageObject\",\"inLanguage\":\"pt-PT\",\"@id\":\"https:\/\/apoiar-stressdeguerra.com\/pt\/2016\/01\/06\/comunicacao-e-envelhecimento\/#primaryimage\",\"url\":\"https:\/\/apoiar-stressdeguerra.com\/pt\/wp-content\/uploads\/2016\/01\/comunicacao.jpeg\",\"contentUrl\":\"https:\/\/apoiar-stressdeguerra.com\/pt\/wp-content\/uploads\/2016\/01\/comunicacao.jpeg\",\"width\":1536,\"height\":782},{\"@type\":\"BreadcrumbList\",\"@id\":\"https:\/\/apoiar-stressdeguerra.com\/pt\/2016\/01\/06\/comunicacao-e-envelhecimento\/#breadcrumb\",\"itemListElement\":[{\"@type\":\"ListItem\",\"position\":1,\"name\":\"In\u00edcio\",\"item\":\"https:\/\/apoiar-stressdeguerra.com\/pt\/\"},{\"@type\":\"ListItem\",\"position\":2,\"name\":\"Comunica\u00e7\u00e3o e Envelhecimento\"}]},{\"@type\":\"WebSite\",\"@id\":\"https:\/\/apoiar-stressdeguerra.com\/pt\/#website\",\"url\":\"https:\/\/apoiar-stressdeguerra.com\/pt\/\",\"name\":\"APOIAR\",\"description\":\"Associa\u00e7\u00e3o de Apoio aos Ex-combatentes V\u00edtimas do Stress de Guerra.\",\"publisher\":{\"@id\":\"https:\/\/apoiar-stressdeguerra.com\/pt\/#organization\"},\"potentialAction\":[{\"@type\":\"SearchAction\",\"target\":{\"@type\":\"EntryPoint\",\"urlTemplate\":\"https:\/\/apoiar-stressdeguerra.com\/pt\/?s={search_term_string}\"},\"query-input\":{\"@type\":\"PropertyValueSpecification\",\"valueRequired\":true,\"valueName\":\"search_term_string\"}}],\"inLanguage\":\"pt-PT\"},{\"@type\":\"Organization\",\"@id\":\"https:\/\/apoiar-stressdeguerra.com\/pt\/#organization\",\"name\":\"APOIAR\",\"url\":\"https:\/\/apoiar-stressdeguerra.com\/pt\/\",\"logo\":{\"@type\":\"ImageObject\",\"inLanguage\":\"pt-PT\",\"@id\":\"https:\/\/apoiar-stressdeguerra.com\/pt\/#\/schema\/logo\/image\/\",\"url\":\"https:\/\/apoiar-stressdeguerra.com\/pt\/wp-content\/uploads\/2017\/03\/LOGO_tb_transparente.gif\",\"contentUrl\":\"https:\/\/apoiar-stressdeguerra.com\/pt\/wp-content\/uploads\/2017\/03\/LOGO_tb_transparente.gif\",\"width\":153,\"height\":59,\"caption\":\"APOIAR\"},\"image\":{\"@id\":\"https:\/\/apoiar-stressdeguerra.com\/pt\/#\/schema\/logo\/image\/\"},\"sameAs\":[\"https:\/\/www.facebook.com\/stressdeguerraapoiar\/\",\"https:\/\/x.com\/aapoiar\"]},{\"@type\":\"Person\",\"@id\":\"https:\/\/apoiar-stressdeguerra.com\/pt\/#\/schema\/person\/2a2075124c4f97ee5005d25282ae26ee\",\"name\":\"apoiar\",\"image\":{\"@type\":\"ImageObject\",\"inLanguage\":\"pt-PT\",\"@id\":\"https:\/\/apoiar-stressdeguerra.com\/pt\/#\/schema\/person\/image\/\",\"url\":\"https:\/\/secure.gravatar.com\/avatar\/ffa6c738212b72e4a4a5c378831188325983795de334672f7b3b222f864ffd8f?s=96&d=mm&r=g\",\"contentUrl\":\"https:\/\/secure.gravatar.com\/avatar\/ffa6c738212b72e4a4a5c378831188325983795de334672f7b3b222f864ffd8f?s=96&d=mm&r=g\",\"caption\":\"apoiar\"}}]}<\/script>\n<!-- \/ Yoast SEO plugin. -->","yoast_head_json":{"title":"Comunica\u00e7\u00e3o e Envelhecimento - APOIAR","description":"A comunica\u00e7\u00e3o \u00e9 essencial para um envelhecimento saud\u00e1vel. Saiba como as altera\u00e7\u00f5es cognitivas, sociais e sensoriais influenciam a linguagem","robots":{"index":"index","follow":"follow","max-snippet":"max-snippet:-1","max-image-preview":"max-image-preview:large","max-video-preview":"max-video-preview:-1"},"canonical":"https:\/\/apoiar-stressdeguerra.com\/pt\/2016\/01\/06\/comunicacao-e-envelhecimento\/","og_locale":"pt_PT","og_type":"article","og_title":"Comunica\u00e7\u00e3o e Envelhecimento - APOIAR","og_description":"A comunica\u00e7\u00e3o \u00e9 essencial para um envelhecimento saud\u00e1vel. Saiba como as altera\u00e7\u00f5es cognitivas, sociais e sensoriais influenciam a linguagem","og_url":"https:\/\/apoiar-stressdeguerra.com\/pt\/2016\/01\/06\/comunicacao-e-envelhecimento\/","og_site_name":"APOIAR","article_publisher":"https:\/\/www.facebook.com\/stressdeguerraapoiar\/","article_published_time":"2016-01-06T15:38:41+00:00","article_modified_time":"2025-07-29T10:32:10+00:00","og_image":[{"width":1536,"height":782,"url":"https:\/\/apoiar-stressdeguerra.com\/pt\/wp-content\/uploads\/2016\/01\/comunicacao.jpeg","type":"image\/jpeg"}],"author":"apoiar","twitter_card":"summary_large_image","twitter_creator":"@aapoiar","twitter_site":"@aapoiar","twitter_misc":{"Escrito por":"apoiar","Tempo estimado de leitura":"5 minutos"},"schema":{"@context":"https:\/\/schema.org","@graph":[{"@type":"Article","@id":"https:\/\/apoiar-stressdeguerra.com\/pt\/2016\/01\/06\/comunicacao-e-envelhecimento\/#article","isPartOf":{"@id":"https:\/\/apoiar-stressdeguerra.com\/pt\/2016\/01\/06\/comunicacao-e-envelhecimento\/"},"author":{"name":"apoiar","@id":"https:\/\/apoiar-stressdeguerra.com\/pt\/#\/schema\/person\/2a2075124c4f97ee5005d25282ae26ee"},"headline":"Comunica\u00e7\u00e3o e Envelhecimento","datePublished":"2016-01-06T15:38:41+00:00","dateModified":"2025-07-29T10:32:10+00:00","mainEntityOfPage":{"@id":"https:\/\/apoiar-stressdeguerra.com\/pt\/2016\/01\/06\/comunicacao-e-envelhecimento\/"},"wordCount":950,"commentCount":0,"publisher":{"@id":"https:\/\/apoiar-stressdeguerra.com\/pt\/#organization"},"image":{"@id":"https:\/\/apoiar-stressdeguerra.com\/pt\/2016\/01\/06\/comunicacao-e-envelhecimento\/#primaryimage"},"thumbnailUrl":"https:\/\/apoiar-stressdeguerra.com\/pt\/wp-content\/uploads\/2016\/01\/comunicacao-1024x521.jpeg","keywords":["Envelhecimento","Sa\u00fade Mental","Terceira Idade"],"articleSection":["Artigos Cient\u00edficos"],"inLanguage":"pt-PT","potentialAction":[{"@type":"CommentAction","name":"Comment","target":["https:\/\/apoiar-stressdeguerra.com\/pt\/2016\/01\/06\/comunicacao-e-envelhecimento\/#respond"]}]},{"@type":"WebPage","@id":"https:\/\/apoiar-stressdeguerra.com\/pt\/2016\/01\/06\/comunicacao-e-envelhecimento\/","url":"https:\/\/apoiar-stressdeguerra.com\/pt\/2016\/01\/06\/comunicacao-e-envelhecimento\/","name":"Comunica\u00e7\u00e3o e Envelhecimento - APOIAR","isPartOf":{"@id":"https:\/\/apoiar-stressdeguerra.com\/pt\/#website"},"primaryImageOfPage":{"@id":"https:\/\/apoiar-stressdeguerra.com\/pt\/2016\/01\/06\/comunicacao-e-envelhecimento\/#primaryimage"},"image":{"@id":"https:\/\/apoiar-stressdeguerra.com\/pt\/2016\/01\/06\/comunicacao-e-envelhecimento\/#primaryimage"},"thumbnailUrl":"https:\/\/apoiar-stressdeguerra.com\/pt\/wp-content\/uploads\/2016\/01\/comunicacao-1024x521.jpeg","datePublished":"2016-01-06T15:38:41+00:00","dateModified":"2025-07-29T10:32:10+00:00","description":"A comunica\u00e7\u00e3o \u00e9 essencial para um envelhecimento saud\u00e1vel. Saiba como as altera\u00e7\u00f5es cognitivas, sociais e sensoriais influenciam a linguagem","breadcrumb":{"@id":"https:\/\/apoiar-stressdeguerra.com\/pt\/2016\/01\/06\/comunicacao-e-envelhecimento\/#breadcrumb"},"inLanguage":"pt-PT","potentialAction":[{"@type":"ReadAction","target":["https:\/\/apoiar-stressdeguerra.com\/pt\/2016\/01\/06\/comunicacao-e-envelhecimento\/"]}]},{"@type":"ImageObject","inLanguage":"pt-PT","@id":"https:\/\/apoiar-stressdeguerra.com\/pt\/2016\/01\/06\/comunicacao-e-envelhecimento\/#primaryimage","url":"https:\/\/apoiar-stressdeguerra.com\/pt\/wp-content\/uploads\/2016\/01\/comunicacao.jpeg","contentUrl":"https:\/\/apoiar-stressdeguerra.com\/pt\/wp-content\/uploads\/2016\/01\/comunicacao.jpeg","width":1536,"height":782},{"@type":"BreadcrumbList","@id":"https:\/\/apoiar-stressdeguerra.com\/pt\/2016\/01\/06\/comunicacao-e-envelhecimento\/#breadcrumb","itemListElement":[{"@type":"ListItem","position":1,"name":"In\u00edcio","item":"https:\/\/apoiar-stressdeguerra.com\/pt\/"},{"@type":"ListItem","position":2,"name":"Comunica\u00e7\u00e3o e Envelhecimento"}]},{"@type":"WebSite","@id":"https:\/\/apoiar-stressdeguerra.com\/pt\/#website","url":"https:\/\/apoiar-stressdeguerra.com\/pt\/","name":"APOIAR","description":"Associa\u00e7\u00e3o de Apoio aos Ex-combatentes V\u00edtimas do Stress de Guerra.","publisher":{"@id":"https:\/\/apoiar-stressdeguerra.com\/pt\/#organization"},"potentialAction":[{"@type":"SearchAction","target":{"@type":"EntryPoint","urlTemplate":"https:\/\/apoiar-stressdeguerra.com\/pt\/?s={search_term_string}"},"query-input":{"@type":"PropertyValueSpecification","valueRequired":true,"valueName":"search_term_string"}}],"inLanguage":"pt-PT"},{"@type":"Organization","@id":"https:\/\/apoiar-stressdeguerra.com\/pt\/#organization","name":"APOIAR","url":"https:\/\/apoiar-stressdeguerra.com\/pt\/","logo":{"@type":"ImageObject","inLanguage":"pt-PT","@id":"https:\/\/apoiar-stressdeguerra.com\/pt\/#\/schema\/logo\/image\/","url":"https:\/\/apoiar-stressdeguerra.com\/pt\/wp-content\/uploads\/2017\/03\/LOGO_tb_transparente.gif","contentUrl":"https:\/\/apoiar-stressdeguerra.com\/pt\/wp-content\/uploads\/2017\/03\/LOGO_tb_transparente.gif","width":153,"height":59,"caption":"APOIAR"},"image":{"@id":"https:\/\/apoiar-stressdeguerra.com\/pt\/#\/schema\/logo\/image\/"},"sameAs":["https:\/\/www.facebook.com\/stressdeguerraapoiar\/","https:\/\/x.com\/aapoiar"]},{"@type":"Person","@id":"https:\/\/apoiar-stressdeguerra.com\/pt\/#\/schema\/person\/2a2075124c4f97ee5005d25282ae26ee","name":"apoiar","image":{"@type":"ImageObject","inLanguage":"pt-PT","@id":"https:\/\/apoiar-stressdeguerra.com\/pt\/#\/schema\/person\/image\/","url":"https:\/\/secure.gravatar.com\/avatar\/ffa6c738212b72e4a4a5c378831188325983795de334672f7b3b222f864ffd8f?s=96&d=mm&r=g","contentUrl":"https:\/\/secure.gravatar.com\/avatar\/ffa6c738212b72e4a4a5c378831188325983795de334672f7b3b222f864ffd8f?s=96&d=mm&r=g","caption":"apoiar"}}]}},"_links":{"self":[{"href":"https:\/\/apoiar-stressdeguerra.com\/pt\/wp-json\/wp\/v2\/posts\/404","targetHints":{"allow":["GET"]}}],"collection":[{"href":"https:\/\/apoiar-stressdeguerra.com\/pt\/wp-json\/wp\/v2\/posts"}],"about":[{"href":"https:\/\/apoiar-stressdeguerra.com\/pt\/wp-json\/wp\/v2\/types\/post"}],"author":[{"embeddable":true,"href":"https:\/\/apoiar-stressdeguerra.com\/pt\/wp-json\/wp\/v2\/users\/1"}],"replies":[{"embeddable":true,"href":"https:\/\/apoiar-stressdeguerra.com\/pt\/wp-json\/wp\/v2\/comments?post=404"}],"version-history":[{"count":4,"href":"https:\/\/apoiar-stressdeguerra.com\/pt\/wp-json\/wp\/v2\/posts\/404\/revisions"}],"predecessor-version":[{"id":2474,"href":"https:\/\/apoiar-stressdeguerra.com\/pt\/wp-json\/wp\/v2\/posts\/404\/revisions\/2474"}],"wp:attachment":[{"href":"https:\/\/apoiar-stressdeguerra.com\/pt\/wp-json\/wp\/v2\/media?parent=404"}],"wp:term":[{"taxonomy":"category","embeddable":true,"href":"https:\/\/apoiar-stressdeguerra.com\/pt\/wp-json\/wp\/v2\/categories?post=404"},{"taxonomy":"post_tag","embeddable":true,"href":"https:\/\/apoiar-stressdeguerra.com\/pt\/wp-json\/wp\/v2\/tags?post=404"}],"curies":[{"name":"wp","href":"https:\/\/api.w.org\/{rel}","templated":true}]}}