{"id":549,"date":"2015-01-15T15:52:06","date_gmt":"2015-01-15T15:52:06","guid":{"rendered":"http:\/\/apoiar-stressdeguerra.com\/pt\/?p=549"},"modified":"2017-03-16T16:03:51","modified_gmt":"2017-03-16T16:03:51","slug":"entrevista-mario-vitorino-gaspar","status":"publish","type":"post","link":"https:\/\/apoiar-stressdeguerra.com\/pt\/2015\/01\/15\/entrevista-mario-vitorino-gaspar\/","title":{"rendered":"Entrevista a M\u00e1rio Vitorino Gaspar"},"content":{"rendered":"<h4>Por: Humberto Silva<\/h4>\n<div><b>M\u00e1rio Vitorino Gaspar est\u00e1 na Associa\u00e7\u00e3o APOIAR desde o primeiro dia, que foi, e ainda \u00e9, fundamental para a sua recupera\u00e7\u00e3o como ex-combatente doente com Stress de Guerra. Depois de muitos anos \u00e0 frente dos destinos da Associa\u00e7\u00e3o, onde foi Vogal e secret\u00e1rio dois anos, Vice-presidente dois anos e Presidente da Dire\u00e7\u00e3o, seis anos, hoje \u00e9 apenas um utente.Numa entrevista ao jornal APOIAR de Abril de 2013 quis deixar o seu testemunho, legado e conselhos para o futuro.<\/b><\/div>\n<div>.<\/div>\n<div><\/div>\n<div><\/div>\n<div>\n<blockquote>\n<h2>Ningu\u00e9m acreditava que consegu\u00edssemos fazer alguma coisa<\/h2>\n<\/blockquote>\n<\/div>\n<div>\n<div><b>NA GUIN\u00c9\u00a0<\/b><\/div>\n<p><img loading=\"lazy\" decoding=\"async\" class=\"alignright\" src=\"https:\/\/sites.google.com\/site\/apoiarstress\/noticias-e-eventos-1\/entrevistaamariovitorinogaspar\/m%C3%A1rio%20gaspar%20guin%C3%A9.jpg\" width=\"324\" height=\"222\" border=\"0\" \/><br \/>\nM\u00e1rio Gaspar foi para a tropa como todos os outros rapazes da sua gera\u00e7\u00e3o:<\/p>\n<p>\u201cN\u00e3o me interessava ir para o servi\u00e7o militar e ir para a guerra pois era uma pessoa muito politizada mas acabei por ir fazer o curso dos sargentos milicianos. Como tive que cumprir o servi\u00e7o militar, assumi todas as minhas responsabilidades. N\u00e3o era a minha vida que estava em causa mas sim as dos outros que estavam comigo.\u201d<\/p>\n<p>Esteve no Curso de Opera\u00e7\u00f5es Especiais, Rangers, em Lamego, tendo posteriormente recusado a participar nele, depois do \u201cjulgamento\u201d que me fizeram, antes de fazer o curso de Minas e Armadilhas em Tancos, \u201cum curso ministrado somente para oficiais e sargentos. Dei instru\u00e7\u00e3o para grupos de 77 pessoas de cada vez. Eram carne para canh\u00e3o, era um n\u00famero exagerado\u201d, lembrou.<\/p>\n<p>Foi depois que os enviaram para a Guin\u00e9. \u201cQuando esperava para desembarcar fui enviado por uma lancha LDM para Gadamael Porto. Na viagem para Gadamael fizemos um sorteio onde foi escolhido o meu pelot\u00e3o t\u00e3o para o destacamento de Gantur\u00e9.<\/p>\n<p>Ao segundo dia, como era da especialidade de Minas e Armadilhas, puseram-me logo a rebentar os \u2018Baga-Bagas\u2019. Fazia-o com trotil.<\/p>\n<p>Os estrangulamentos eram feitos com os dentes, arriscando-me a ficar cego.\u201d<\/p>\n<p>Depois come\u00e7aram as patrulhas.: \u201cNa primeira patrulha junto \u00e0 Guin\u00e9 ex-francesa quase que morria \u00e0 sede. Foi quando senti realmente o que era a guerra. Foi tamb\u00e9m nesse dia que deixei de beber \u00e1gua na Guin\u00e9. S\u00f3 bebia cerveja. N\u00e3o me embebedava mas andava sempre anestesiado\u201d .<\/p>\n<p>Ca\u00ed em emboscadas e estive na montagem de emboscadas, fiz patrulhas, fui atacado no quartel e tive que montar engenhos explosivos.\u201d<\/p>\n<p>A companhia perdeu um furriel e dois soldados. O furriel era um grande amigo e hoje tem uma rua com o seu nome, na sua terra.<\/p>\n<p>Quando chegou ao fim da comiss\u00e3o pediram-lhe que desmontasse tudo o que tinha montado e outros engenhos explosivos montados pelos outros especialistas de minas e armadilhas, visto ter falecido um furriel, outro ter sido atingido pelos estilha\u00e7os de uma armadilha que montava e o alferes ter sido dispensado de manusear estes engenhos explosivos.<\/p>\n<div><b>O REGRESSO A CASA E A DOEN\u00c7A\u00a0<\/b><\/div>\n<div><\/div>\n<p>Foi no regresso a casa que come\u00e7ou a ter problemas. Complica\u00e7\u00f5es nos intestinos levaram-no a procurar ajuda e a fazer v\u00e1rios exames que revelaram problemas ps\u00edquicos depois de consultar um psiquiatra.<\/p>\n<p>\u201cFoi quando comecei a ter problemas na empresa. Mandaram-me para um psic\u00f3logo. E eu l\u00e1, falava, falava mas o psic\u00f3logo n\u00e3o dizia nada.\u201d<\/p>\n<p>Foi quando lhe respondeu: \u201cDoutor, assim deixo de vir, o Doutor n\u00e3o diz nada\u2026 Assim tamb\u00e9m eu queria ter um emprego\u201d.<\/p>\n<p>Com o agravar dos problemas a sua mulher, que andava no Hospital J\u00falio de Matos, falou com a psiquiatra que o aconselhou que fosse avaliado. Foi da boca da psic\u00f3loga Dalila Aguiar que finalmente saiu o diagn\u00f3stico:<\/p>\n<p>\u201cVoc\u00ea tem Stress de Guerra. Voc\u00ea est\u00e1 bastante doente\u201d<\/p>\n<p>\u201cEu n\u00e3o sabia o que isso era. Quero deixar aqui o meu agradecimento \u00e0 falecida Dr.\u00aa Dalila Aguiar\u201d confessou M\u00e1rio Gaspar.<\/p>\n<div><\/div>\n<div><b>\u00a0<\/b><\/div>\n<div><b>NASCE A APOIAR\u00a0<\/b><\/div>\n<div><\/div>\n<p>S\u00e3o a Dr.\u00aa Fani Lopes e o Dr. Afonso de Albuquerque que encaminham o ex-combatente M\u00e1rio Gaspar para a Terapia de Grupo os Servi\u00e7os de Psicoterapia Comportamental do Hospital J\u00falio de Matos. \u00c9 logo l\u00e1, nesse mesmo primeiro dia, que juntamente com outros membros do Grupo, o convidam para criar a Associa\u00e7\u00e3o APOIAR. Aceitou o lugar de Vogal e quando o primeiro Presidente da Dire\u00e7\u00e3o Ant\u00f3nio Almeida se demite, \u00e9 Jorge Santos que assume o lugar de Presidente da Dire\u00e7\u00e3o, passando M\u00e1rio Gaspar a assumir o lugar de Secret\u00e1rio.<\/p>\n<p>\u201c\u00c9 preciso lembrar que Jorge Santos estava muito doente quando assumiu a responsabilidade de ficar \u00e0 frente da associa\u00e7\u00e3o.\u201d<\/p>\n<div><b>A GUERRA CONTINUA DENTRO DE N\u00d3S\u00a0<\/b><\/div>\n<div><\/div>\n<p>Foi quando a APOIAR passou a estar mais participativa nos debates sobre a Guerra Colonial e a sociedade a come\u00e7ar a ficar mais desperta para o problema.<\/p>\n<p>\u201cPouco tempo depois li num jornal que havia um debate sobre a guerra na Biblioteca Museu Rep\u00fablica e Resist\u00eancia. Foi nesse debate que lancei uma frase que me ocorreu na altura: \u2018A guerra continua dentro de n\u00f3s\u2019. Essa frase teve impacto e fui convidado pelo Adelino Gomes, Jo\u00e3o Paulo Guerra, Fernando DaCosta e outros jornalista para dar entrevistas. Foi quando come\u00e7ou a ouvir-se falar da APOIAR e do Stress de Guerra. No primeiro Congresso Internacional de Stress P\u00f3s-traum\u00e1tico realizado na Gulbenkian fomos atirados para as bocas do mundo pelo Dr. Lu\u00eds Gamito.\u201d<\/p>\n<p>A APOIAR come\u00e7ou tamb\u00e9m a dar voz a reivindica\u00e7\u00f5es como o reconhecimento oficial da doen\u00e7a e a cria\u00e7\u00e3o da Rede Nacional de Apoio \u00e0s V\u00edtimas de Stress de Guerra, assim como outras causas dos ex-combatentes, como \u00e9 o caso da contagem de tempo de servi\u00e7o militar para efeitos de reforma, a inser\u00e7\u00e3o da guerra colonial nos manuais escolares ou considerar o ex-combatente uma profiss\u00e3o de risco.<\/p>\n<p>A APOIAR teve um grande poder reivindicativo junto do poder pol\u00edtico e ficou mais conhecida atrav\u00e9s da comunica\u00e7\u00e3o social e fez com que a pr\u00f3pria guerra come\u00e7asse a ser mais falada.<\/p>\n<p>Fundamental para a consolida\u00e7\u00e3o da Associa\u00e7\u00e3o foi a ced\u00eancia do novo espa\u00e7o no Bairro da Liberdade em Lisboa:<\/p>\n<p>\u201cTivemos um processo com o Presidente da C\u00e2mara Municipal de Lisboa na altura, o Jo\u00e3o Soares, para a ced\u00eancia das instala\u00e7\u00f5es, que depois nos foram entregues pelo Carmona Rodrigues. A casa foi-nos entregue em tosco mas conseguimos fazer as obras tamb\u00e9m com o apoio da C\u00e2mara\u201d.<\/p>\n<div><b>A CRIA\u00c7\u00c3O DA RNA\u00a0<\/b><\/div>\n<div><\/div>\n<p>M\u00e1rio Gaspar recorda que a luta pela RNA foi muito \u00e1rdua. A APOIAR insistiu sempre nestas reivindica\u00e7\u00f5es e parte do sucesso dos objetivos conseguidos foi devido a manterem a comunica\u00e7\u00e3o social sempre informada.<\/p>\n<figure style=\"width: 415px\" class=\"wp-caption alignright\"><img loading=\"lazy\" decoding=\"async\" class=\"\" src=\"https:\/\/scontent.flis6-1.fna.fbcdn.net\/v\/t1.0-9\/546014_514973785206251_1373853481_n.jpg?oh=d84021e309642200e76a474efe9f1033&amp;oe=592C497D\" width=\"415\" height=\"267\" \/><figcaption class=\"wp-caption-text\">Assinatura do Protocolo da Rede Nacional de APOIO em fevereiro de 2002<\/figcaption><\/figure>\n<p>\u201cAproveit\u00e1vamos os conhecimentos com jornalistas que nos ajudavam nesse sentido. Fizemos reuni\u00f5es com todos os partidos pol\u00edticos mesmo aqueles sem assento parlamentar e as centrais sindicais para a aprova\u00e7\u00e3o [da Lei 46\/99 (reconhecimento do stress de Guerra) e Lei 50\/2000 (cria\u00e7\u00e3o da RNA)].<\/p>\n<p>As nossas duas grandes vit\u00f3rias acontecem quando em reuni\u00e3o com o falecido deputado Marques J\u00fanior ele nos pergunta \u2018Afinal, o que pretendem?\u2019<\/p>\n<p>\u2018Que a lei seja aprovada!\u2019 disse-lhe, porque o Partido Socialista era o \u00fanico que n\u00e3o apoiava a lei. E ele respondeu \u2018Podem contar comigo\u2019.<\/p>\n<p>Lembro-me que na altura da discuss\u00e3o e aprova\u00e7\u00e3o do Projeto Lei na Assembleia da Rep\u00fablica, a SIC perguntou-nos o que far\u00edamos se a lei n\u00e3o fosse aprovada. Na altura a dire\u00e7\u00e3o decidiu por proposta minha que ir\u00edamos pedir aos ex-combatentes e associados que n\u00e3o votassem nas elei\u00e7\u00f5es que iriam decorrer nos pr\u00f3ximos meses\u201d.<\/p>\n<p>Na reuni\u00e3o com o Grupo Parlamentar de Sa\u00fade onde apareceram todos os deputados &#8211; o que era raro &#8211; faleu mais de uma hora com toda a gente muito interessada a ouvir. Mostraram-se muito preocupados, principalmente com a quest\u00e3o dos familiares, as mulheres e filhos, visto a APOIAR ter come\u00e7ado a detetar na altura que os pr\u00f3prios filhos dos ex-combatentes doentes tamb\u00e9m come\u00e7avam a apresentar problemas.<\/p>\n<p>\u201cA Lei foi logo aprovada! E esta reuni\u00e3o contribui para que a lei fosse aprovada.\u201d recordou.<\/p>\n<p>Quanto \u00e0 quest\u00e3o da contagem de tempo de servi\u00e7o militar M\u00e1rio Gaspar recorda o que foi falado:<\/p>\n<p>\u201cQuando o Paulo Portas me alegou que o Minist\u00e9rio da Defesa tinha feito algo, depressa o neguei e disse-lhe que tinha deturpado tudo o que era pretendido\u201d .<\/p>\n<p>Quando foi assinado o protocolo com o Minist\u00e9rio da Defesa Nacional, M\u00e1rio Gaspar foi convidado a discursar mas recusou.<\/p>\n<p>\u201cMesmo com muita gente a assistir n\u00e3o quis discursar e disse que n\u00e3o t\u00ednhamos nada que agradecer aquilo que n\u00e3o era mais do que justo e uma obriga\u00e7\u00e3o\u201d.<\/p>\n<p>Quando a lei foi aprovada a Associa\u00e7\u00e3o come\u00e7ou a ser convidada para v\u00e1rios eventos, ciclos e confer\u00eancias.<\/p>\n<p>\u201cOs nossos col\u00f3quios eram feitos desta forma: eu e outros dirigentes fal\u00e1vamos da minha experi\u00eancia pessoal para puxar as pessoas que assistiam a partilharem tamb\u00e9m as suas.<\/p>\n<p>Sempre lut\u00e1mos para que os cl\u00ednicos gerais das associa\u00e7\u00f5es pudessem substituir o m\u00e9dico de fam\u00edlia quando os utentes n\u00e3o tivessem acesso a um e pudessem preencher o Modelo 1, assim como fazer o Modelo 2.<\/p>\n<p>Em tr\u00eas col\u00f3quios organizados pelo Minist\u00e9rio da Defesa Nacional, em Lisboa, Porto e Coimbra levant\u00e1mos sempre essa quest\u00e3o mas nas conclus\u00f5es desses col\u00f3quios essa reivindica\u00e7\u00e3o nunca ficou registada, tendo a APOIAR protestado\u201d.<\/p>\n<div><b>O FUTURO\u00a0<\/b><\/div>\n<div><\/div>\n<p>O ex-dirigente lembra que houve muito que ficou por fazer e projetos por concluir.<\/p>\n<p>\u201cT\u00ednhamos entre m\u00e3os os distritos de Santar\u00e9m e de Set\u00fabal. Fizemos praticamente todos os concelhos do distrito de Santar\u00e9m e reuni\u00f5es com quase todos os autarcas desse distrito, excetuando Sardoal, F\u00e1tima e Vila Nova de Our\u00e9m. Os munic\u00edpios concordaram com a ida da Associa\u00e7\u00e3o a esses concelhos para poder prestar os seus servi\u00e7os e dar consultas para suprir as necessidades que a popula\u00e7\u00e3o sentia. Houve tr\u00eas c\u00e2maras que acederam em abrir gabinetes para dar consultas de psicologia. Munic\u00edpios que foram escolhidos de forma descentralizada. Isso nunca seguiu para a frente porque a dire\u00e7\u00e3o que nos sucedeu nunca falou connosco para saber o que estava a ser feito dar seguimento a esse projeto.\u201d<\/p>\n<p>M\u00e1rio Gaspar deixa um concelho para o futuro:<\/p>\n<p>\u201cTem de haver uma luta constante com o poder pol\u00edtico e com a comunica\u00e7\u00e3o social. S\u00e3o precisas reuni\u00f5es com o poder pol\u00edtico e mesmo com as centrais sindicais para reivindicar os apoios financeiros necess\u00e1rios para tratarmos dos nossos utentes.\u201d<\/p>\n<div><b>A IMPORT\u00c2NCIA DA APOIAR\u00a0<\/b><\/div>\n<div><\/div>\n<p>\u201c\u00c9 preciso que se diga que o apoio psicol\u00f3gico \u00e9 muito importante. Cheguei a tomar dezenas de comprimidos por dia. Hoje s\u00f3 tomo tr\u00eas. Outra quest\u00e3o e a dos filhos. Muitas vezes n\u00e3o se trata s\u00f3 de mau ambiente em casa. Cham\u00e1mos a aten\u00e7\u00e3o que os filhos tamb\u00e9m sentem problemas.\u201d<\/p>\n<p>Para terminar M\u00e1rio Gaspar recorda as dificuldades com que se deparou no in\u00edcio da associa\u00e7\u00e3o.<\/p>\n<p>\u201cFoi muito complicado. Vim para a APOIAR contra a opini\u00e3o dos meus filhos e da minha mulher.<\/p>\n<p>Cri\u00e1mos uma associa\u00e7\u00e3o quando n\u00e3o est\u00e1vamos minimamente preparados. \u00c9ramos doentes. O Dr. Afonso de Albuquerque at\u00e9 ficou admirado como \u00e9 que acab\u00e1mos por conseguir criar a APOIAR.\u201d<\/p><\/div>\n<div>\n(<a href=\"https:\/\/drive.google.com\/file\/d\/0B4aeqFFmfvCOcHhmWVd1OHM5SGM\/view?usp=sharing\" target=\"_blank\">Publicado originalmente no APOIAR n\u00ba 80 de Mar\u00e7o\/Abril de 2013<\/a>)<\/div>\n","protected":false},"excerpt":{"rendered":"<p>Por: Humberto Silva M\u00e1rio Vitorino Gaspar est\u00e1 na Associa\u00e7\u00e3o APOIAR desde o primeiro dia, que foi, e ainda \u00e9, fundamental para a sua recupera\u00e7\u00e3o como ex-combatente doente com Stress de Guerra. Depois de muitos anos \u00e0 frente dos destinos da Associa\u00e7\u00e3o, onde foi Vogal e secret\u00e1rio dois anos, Vice-presidente dois anos e Presidente da Dire\u00e7\u00e3o, <a class=\"read-more\" href=\"https:\/\/apoiar-stressdeguerra.com\/pt\/2015\/01\/15\/entrevista-mario-vitorino-gaspar\/\">Leia mais<\/a><\/p>\n","protected":false},"author":1,"featured_media":0,"comment_status":"open","ping_status":"open","sticky":false,"template":"","format":"standard","meta":{"_uf_show_specific_survey":0,"_uf_disable_surveys":false,"footnotes":""},"categories":[18],"tags":[45,41,47,43,33,60,15],"class_list":["post-549","post","type-post","status-publish","format-standard","hentry","category-noticias","tag-apoiar","tag-deficientes-das-forcas-armadas","tag-entrevista","tag-ex-combatentes","tag-guerra-colonial","tag-rede-nacional-de-apoio","tag-stress-de-guerra"],"yoast_head":"<!-- This site is optimized with the Yoast SEO plugin v26.8 - https:\/\/yoast.com\/product\/yoast-seo-wordpress\/ -->\n<title>Entrevista a M\u00e1rio Vitorino Gaspar - APOIAR<\/title>\n<meta name=\"robots\" content=\"index, follow, max-snippet:-1, max-image-preview:large, max-video-preview:-1\" \/>\n<link rel=\"canonical\" href=\"https:\/\/apoiar-stressdeguerra.com\/pt\/2015\/01\/15\/entrevista-mario-vitorino-gaspar\/\" \/>\n<meta property=\"og:locale\" content=\"pt_PT\" \/>\n<meta property=\"og:type\" content=\"article\" \/>\n<meta property=\"og:title\" content=\"Entrevista a M\u00e1rio Vitorino Gaspar - APOIAR\" \/>\n<meta property=\"og:description\" content=\"Por: Humberto Silva M\u00e1rio Vitorino Gaspar est\u00e1 na Associa\u00e7\u00e3o APOIAR desde o primeiro dia, que foi, e ainda \u00e9, fundamental para a sua recupera\u00e7\u00e3o como ex-combatente doente com Stress de Guerra. Depois de muitos anos \u00e0 frente dos destinos da Associa\u00e7\u00e3o, onde foi Vogal e secret\u00e1rio dois anos, Vice-presidente dois anos e Presidente da Dire\u00e7\u00e3o, Leia mais\" \/>\n<meta property=\"og:url\" content=\"https:\/\/apoiar-stressdeguerra.com\/pt\/2015\/01\/15\/entrevista-mario-vitorino-gaspar\/\" \/>\n<meta property=\"og:site_name\" content=\"APOIAR\" \/>\n<meta property=\"article:publisher\" content=\"https:\/\/www.facebook.com\/stressdeguerraapoiar\/\" \/>\n<meta property=\"article:published_time\" content=\"2015-01-15T15:52:06+00:00\" \/>\n<meta property=\"article:modified_time\" content=\"2017-03-16T16:03:51+00:00\" \/>\n<meta property=\"og:image\" content=\"https:\/\/sites.google.com\/site\/apoiarstress\/noticias-e-eventos-1\/entrevistaamariovitorinogaspar\/m%C3%A1rio%20gaspar%20guin%C3%A9.jpg\" \/>\n<meta name=\"author\" content=\"apoiar\" \/>\n<meta name=\"twitter:card\" content=\"summary_large_image\" \/>\n<meta name=\"twitter:creator\" content=\"@aapoiar\" \/>\n<meta name=\"twitter:site\" content=\"@aapoiar\" \/>\n<meta name=\"twitter:label1\" content=\"Escrito por\" \/>\n\t<meta name=\"twitter:data1\" content=\"apoiar\" \/>\n\t<meta name=\"twitter:label2\" content=\"Tempo estimado de leitura\" \/>\n\t<meta name=\"twitter:data2\" content=\"10 minutos\" \/>\n<script type=\"application\/ld+json\" class=\"yoast-schema-graph\">{\"@context\":\"https:\/\/schema.org\",\"@graph\":[{\"@type\":\"Article\",\"@id\":\"https:\/\/apoiar-stressdeguerra.com\/pt\/2015\/01\/15\/entrevista-mario-vitorino-gaspar\/#article\",\"isPartOf\":{\"@id\":\"https:\/\/apoiar-stressdeguerra.com\/pt\/2015\/01\/15\/entrevista-mario-vitorino-gaspar\/\"},\"author\":{\"name\":\"apoiar\",\"@id\":\"https:\/\/apoiar-stressdeguerra.com\/pt\/#\/schema\/person\/2a2075124c4f97ee5005d25282ae26ee\"},\"headline\":\"Entrevista a M\u00e1rio Vitorino Gaspar\",\"datePublished\":\"2015-01-15T15:52:06+00:00\",\"dateModified\":\"2017-03-16T16:03:51+00:00\",\"mainEntityOfPage\":{\"@id\":\"https:\/\/apoiar-stressdeguerra.com\/pt\/2015\/01\/15\/entrevista-mario-vitorino-gaspar\/\"},\"wordCount\":1937,\"commentCount\":0,\"publisher\":{\"@id\":\"https:\/\/apoiar-stressdeguerra.com\/pt\/#organization\"},\"image\":{\"@id\":\"https:\/\/apoiar-stressdeguerra.com\/pt\/2015\/01\/15\/entrevista-mario-vitorino-gaspar\/#primaryimage\"},\"thumbnailUrl\":\"https:\/\/sites.google.com\/site\/apoiarstress\/noticias-e-eventos-1\/entrevistaamariovitorinogaspar\/m%C3%A1rio%20gaspar%20guin%C3%A9.jpg\",\"keywords\":[\"APOIAR\",\"Deficientes das For\u00e7as Armadas\",\"Entrevista\",\"Ex-combatentes\",\"Guerra Colonial\",\"Rede Nacional de Apoio\",\"Stress de Guerra\"],\"articleSection\":[\"Not\u00edcias\"],\"inLanguage\":\"pt-PT\",\"potentialAction\":[{\"@type\":\"CommentAction\",\"name\":\"Comment\",\"target\":[\"https:\/\/apoiar-stressdeguerra.com\/pt\/2015\/01\/15\/entrevista-mario-vitorino-gaspar\/#respond\"]}]},{\"@type\":\"WebPage\",\"@id\":\"https:\/\/apoiar-stressdeguerra.com\/pt\/2015\/01\/15\/entrevista-mario-vitorino-gaspar\/\",\"url\":\"https:\/\/apoiar-stressdeguerra.com\/pt\/2015\/01\/15\/entrevista-mario-vitorino-gaspar\/\",\"name\":\"Entrevista a M\u00e1rio Vitorino Gaspar - APOIAR\",\"isPartOf\":{\"@id\":\"https:\/\/apoiar-stressdeguerra.com\/pt\/#website\"},\"primaryImageOfPage\":{\"@id\":\"https:\/\/apoiar-stressdeguerra.com\/pt\/2015\/01\/15\/entrevista-mario-vitorino-gaspar\/#primaryimage\"},\"image\":{\"@id\":\"https:\/\/apoiar-stressdeguerra.com\/pt\/2015\/01\/15\/entrevista-mario-vitorino-gaspar\/#primaryimage\"},\"thumbnailUrl\":\"https:\/\/sites.google.com\/site\/apoiarstress\/noticias-e-eventos-1\/entrevistaamariovitorinogaspar\/m%C3%A1rio%20gaspar%20guin%C3%A9.jpg\",\"datePublished\":\"2015-01-15T15:52:06+00:00\",\"dateModified\":\"2017-03-16T16:03:51+00:00\",\"breadcrumb\":{\"@id\":\"https:\/\/apoiar-stressdeguerra.com\/pt\/2015\/01\/15\/entrevista-mario-vitorino-gaspar\/#breadcrumb\"},\"inLanguage\":\"pt-PT\",\"potentialAction\":[{\"@type\":\"ReadAction\",\"target\":[\"https:\/\/apoiar-stressdeguerra.com\/pt\/2015\/01\/15\/entrevista-mario-vitorino-gaspar\/\"]}]},{\"@type\":\"ImageObject\",\"inLanguage\":\"pt-PT\",\"@id\":\"https:\/\/apoiar-stressdeguerra.com\/pt\/2015\/01\/15\/entrevista-mario-vitorino-gaspar\/#primaryimage\",\"url\":\"https:\/\/sites.google.com\/site\/apoiarstress\/noticias-e-eventos-1\/entrevistaamariovitorinogaspar\/m%C3%A1rio%20gaspar%20guin%C3%A9.jpg\",\"contentUrl\":\"https:\/\/sites.google.com\/site\/apoiarstress\/noticias-e-eventos-1\/entrevistaamariovitorinogaspar\/m%C3%A1rio%20gaspar%20guin%C3%A9.jpg\"},{\"@type\":\"BreadcrumbList\",\"@id\":\"https:\/\/apoiar-stressdeguerra.com\/pt\/2015\/01\/15\/entrevista-mario-vitorino-gaspar\/#breadcrumb\",\"itemListElement\":[{\"@type\":\"ListItem\",\"position\":1,\"name\":\"In\u00edcio\",\"item\":\"https:\/\/apoiar-stressdeguerra.com\/pt\/\"},{\"@type\":\"ListItem\",\"position\":2,\"name\":\"Entrevista a M\u00e1rio Vitorino Gaspar\"}]},{\"@type\":\"WebSite\",\"@id\":\"https:\/\/apoiar-stressdeguerra.com\/pt\/#website\",\"url\":\"https:\/\/apoiar-stressdeguerra.com\/pt\/\",\"name\":\"APOIAR\",\"description\":\"Associa\u00e7\u00e3o de Apoio aos Ex-combatentes V\u00edtimas do Stress de Guerra.\",\"publisher\":{\"@id\":\"https:\/\/apoiar-stressdeguerra.com\/pt\/#organization\"},\"potentialAction\":[{\"@type\":\"SearchAction\",\"target\":{\"@type\":\"EntryPoint\",\"urlTemplate\":\"https:\/\/apoiar-stressdeguerra.com\/pt\/?s={search_term_string}\"},\"query-input\":{\"@type\":\"PropertyValueSpecification\",\"valueRequired\":true,\"valueName\":\"search_term_string\"}}],\"inLanguage\":\"pt-PT\"},{\"@type\":\"Organization\",\"@id\":\"https:\/\/apoiar-stressdeguerra.com\/pt\/#organization\",\"name\":\"APOIAR\",\"url\":\"https:\/\/apoiar-stressdeguerra.com\/pt\/\",\"logo\":{\"@type\":\"ImageObject\",\"inLanguage\":\"pt-PT\",\"@id\":\"https:\/\/apoiar-stressdeguerra.com\/pt\/#\/schema\/logo\/image\/\",\"url\":\"https:\/\/apoiar-stressdeguerra.com\/pt\/wp-content\/uploads\/2017\/03\/LOGO_tb_transparente.gif\",\"contentUrl\":\"https:\/\/apoiar-stressdeguerra.com\/pt\/wp-content\/uploads\/2017\/03\/LOGO_tb_transparente.gif\",\"width\":153,\"height\":59,\"caption\":\"APOIAR\"},\"image\":{\"@id\":\"https:\/\/apoiar-stressdeguerra.com\/pt\/#\/schema\/logo\/image\/\"},\"sameAs\":[\"https:\/\/www.facebook.com\/stressdeguerraapoiar\/\",\"https:\/\/x.com\/aapoiar\"]},{\"@type\":\"Person\",\"@id\":\"https:\/\/apoiar-stressdeguerra.com\/pt\/#\/schema\/person\/2a2075124c4f97ee5005d25282ae26ee\",\"name\":\"apoiar\",\"image\":{\"@type\":\"ImageObject\",\"inLanguage\":\"pt-PT\",\"@id\":\"https:\/\/apoiar-stressdeguerra.com\/pt\/#\/schema\/person\/image\/\",\"url\":\"https:\/\/secure.gravatar.com\/avatar\/ffa6c738212b72e4a4a5c378831188325983795de334672f7b3b222f864ffd8f?s=96&d=mm&r=g\",\"contentUrl\":\"https:\/\/secure.gravatar.com\/avatar\/ffa6c738212b72e4a4a5c378831188325983795de334672f7b3b222f864ffd8f?s=96&d=mm&r=g\",\"caption\":\"apoiar\"}}]}<\/script>\n<!-- \/ Yoast SEO plugin. -->","yoast_head_json":{"title":"Entrevista a M\u00e1rio Vitorino Gaspar - APOIAR","robots":{"index":"index","follow":"follow","max-snippet":"max-snippet:-1","max-image-preview":"max-image-preview:large","max-video-preview":"max-video-preview:-1"},"canonical":"https:\/\/apoiar-stressdeguerra.com\/pt\/2015\/01\/15\/entrevista-mario-vitorino-gaspar\/","og_locale":"pt_PT","og_type":"article","og_title":"Entrevista a M\u00e1rio Vitorino Gaspar - APOIAR","og_description":"Por: Humberto Silva M\u00e1rio Vitorino Gaspar est\u00e1 na Associa\u00e7\u00e3o APOIAR desde o primeiro dia, que foi, e ainda \u00e9, fundamental para a sua recupera\u00e7\u00e3o como ex-combatente doente com Stress de Guerra. Depois de muitos anos \u00e0 frente dos destinos da Associa\u00e7\u00e3o, onde foi Vogal e secret\u00e1rio dois anos, Vice-presidente dois anos e Presidente da Dire\u00e7\u00e3o, Leia mais","og_url":"https:\/\/apoiar-stressdeguerra.com\/pt\/2015\/01\/15\/entrevista-mario-vitorino-gaspar\/","og_site_name":"APOIAR","article_publisher":"https:\/\/www.facebook.com\/stressdeguerraapoiar\/","article_published_time":"2015-01-15T15:52:06+00:00","article_modified_time":"2017-03-16T16:03:51+00:00","og_image":[{"url":"https:\/\/sites.google.com\/site\/apoiarstress\/noticias-e-eventos-1\/entrevistaamariovitorinogaspar\/m%C3%A1rio%20gaspar%20guin%C3%A9.jpg","type":"","width":"","height":""}],"author":"apoiar","twitter_card":"summary_large_image","twitter_creator":"@aapoiar","twitter_site":"@aapoiar","twitter_misc":{"Escrito por":"apoiar","Tempo estimado de leitura":"10 minutos"},"schema":{"@context":"https:\/\/schema.org","@graph":[{"@type":"Article","@id":"https:\/\/apoiar-stressdeguerra.com\/pt\/2015\/01\/15\/entrevista-mario-vitorino-gaspar\/#article","isPartOf":{"@id":"https:\/\/apoiar-stressdeguerra.com\/pt\/2015\/01\/15\/entrevista-mario-vitorino-gaspar\/"},"author":{"name":"apoiar","@id":"https:\/\/apoiar-stressdeguerra.com\/pt\/#\/schema\/person\/2a2075124c4f97ee5005d25282ae26ee"},"headline":"Entrevista a M\u00e1rio Vitorino Gaspar","datePublished":"2015-01-15T15:52:06+00:00","dateModified":"2017-03-16T16:03:51+00:00","mainEntityOfPage":{"@id":"https:\/\/apoiar-stressdeguerra.com\/pt\/2015\/01\/15\/entrevista-mario-vitorino-gaspar\/"},"wordCount":1937,"commentCount":0,"publisher":{"@id":"https:\/\/apoiar-stressdeguerra.com\/pt\/#organization"},"image":{"@id":"https:\/\/apoiar-stressdeguerra.com\/pt\/2015\/01\/15\/entrevista-mario-vitorino-gaspar\/#primaryimage"},"thumbnailUrl":"https:\/\/sites.google.com\/site\/apoiarstress\/noticias-e-eventos-1\/entrevistaamariovitorinogaspar\/m%C3%A1rio%20gaspar%20guin%C3%A9.jpg","keywords":["APOIAR","Deficientes das For\u00e7as Armadas","Entrevista","Ex-combatentes","Guerra Colonial","Rede Nacional de Apoio","Stress de Guerra"],"articleSection":["Not\u00edcias"],"inLanguage":"pt-PT","potentialAction":[{"@type":"CommentAction","name":"Comment","target":["https:\/\/apoiar-stressdeguerra.com\/pt\/2015\/01\/15\/entrevista-mario-vitorino-gaspar\/#respond"]}]},{"@type":"WebPage","@id":"https:\/\/apoiar-stressdeguerra.com\/pt\/2015\/01\/15\/entrevista-mario-vitorino-gaspar\/","url":"https:\/\/apoiar-stressdeguerra.com\/pt\/2015\/01\/15\/entrevista-mario-vitorino-gaspar\/","name":"Entrevista a M\u00e1rio Vitorino Gaspar - APOIAR","isPartOf":{"@id":"https:\/\/apoiar-stressdeguerra.com\/pt\/#website"},"primaryImageOfPage":{"@id":"https:\/\/apoiar-stressdeguerra.com\/pt\/2015\/01\/15\/entrevista-mario-vitorino-gaspar\/#primaryimage"},"image":{"@id":"https:\/\/apoiar-stressdeguerra.com\/pt\/2015\/01\/15\/entrevista-mario-vitorino-gaspar\/#primaryimage"},"thumbnailUrl":"https:\/\/sites.google.com\/site\/apoiarstress\/noticias-e-eventos-1\/entrevistaamariovitorinogaspar\/m%C3%A1rio%20gaspar%20guin%C3%A9.jpg","datePublished":"2015-01-15T15:52:06+00:00","dateModified":"2017-03-16T16:03:51+00:00","breadcrumb":{"@id":"https:\/\/apoiar-stressdeguerra.com\/pt\/2015\/01\/15\/entrevista-mario-vitorino-gaspar\/#breadcrumb"},"inLanguage":"pt-PT","potentialAction":[{"@type":"ReadAction","target":["https:\/\/apoiar-stressdeguerra.com\/pt\/2015\/01\/15\/entrevista-mario-vitorino-gaspar\/"]}]},{"@type":"ImageObject","inLanguage":"pt-PT","@id":"https:\/\/apoiar-stressdeguerra.com\/pt\/2015\/01\/15\/entrevista-mario-vitorino-gaspar\/#primaryimage","url":"https:\/\/sites.google.com\/site\/apoiarstress\/noticias-e-eventos-1\/entrevistaamariovitorinogaspar\/m%C3%A1rio%20gaspar%20guin%C3%A9.jpg","contentUrl":"https:\/\/sites.google.com\/site\/apoiarstress\/noticias-e-eventos-1\/entrevistaamariovitorinogaspar\/m%C3%A1rio%20gaspar%20guin%C3%A9.jpg"},{"@type":"BreadcrumbList","@id":"https:\/\/apoiar-stressdeguerra.com\/pt\/2015\/01\/15\/entrevista-mario-vitorino-gaspar\/#breadcrumb","itemListElement":[{"@type":"ListItem","position":1,"name":"In\u00edcio","item":"https:\/\/apoiar-stressdeguerra.com\/pt\/"},{"@type":"ListItem","position":2,"name":"Entrevista a M\u00e1rio Vitorino Gaspar"}]},{"@type":"WebSite","@id":"https:\/\/apoiar-stressdeguerra.com\/pt\/#website","url":"https:\/\/apoiar-stressdeguerra.com\/pt\/","name":"APOIAR","description":"Associa\u00e7\u00e3o de Apoio aos Ex-combatentes V\u00edtimas do Stress de Guerra.","publisher":{"@id":"https:\/\/apoiar-stressdeguerra.com\/pt\/#organization"},"potentialAction":[{"@type":"SearchAction","target":{"@type":"EntryPoint","urlTemplate":"https:\/\/apoiar-stressdeguerra.com\/pt\/?s={search_term_string}"},"query-input":{"@type":"PropertyValueSpecification","valueRequired":true,"valueName":"search_term_string"}}],"inLanguage":"pt-PT"},{"@type":"Organization","@id":"https:\/\/apoiar-stressdeguerra.com\/pt\/#organization","name":"APOIAR","url":"https:\/\/apoiar-stressdeguerra.com\/pt\/","logo":{"@type":"ImageObject","inLanguage":"pt-PT","@id":"https:\/\/apoiar-stressdeguerra.com\/pt\/#\/schema\/logo\/image\/","url":"https:\/\/apoiar-stressdeguerra.com\/pt\/wp-content\/uploads\/2017\/03\/LOGO_tb_transparente.gif","contentUrl":"https:\/\/apoiar-stressdeguerra.com\/pt\/wp-content\/uploads\/2017\/03\/LOGO_tb_transparente.gif","width":153,"height":59,"caption":"APOIAR"},"image":{"@id":"https:\/\/apoiar-stressdeguerra.com\/pt\/#\/schema\/logo\/image\/"},"sameAs":["https:\/\/www.facebook.com\/stressdeguerraapoiar\/","https:\/\/x.com\/aapoiar"]},{"@type":"Person","@id":"https:\/\/apoiar-stressdeguerra.com\/pt\/#\/schema\/person\/2a2075124c4f97ee5005d25282ae26ee","name":"apoiar","image":{"@type":"ImageObject","inLanguage":"pt-PT","@id":"https:\/\/apoiar-stressdeguerra.com\/pt\/#\/schema\/person\/image\/","url":"https:\/\/secure.gravatar.com\/avatar\/ffa6c738212b72e4a4a5c378831188325983795de334672f7b3b222f864ffd8f?s=96&d=mm&r=g","contentUrl":"https:\/\/secure.gravatar.com\/avatar\/ffa6c738212b72e4a4a5c378831188325983795de334672f7b3b222f864ffd8f?s=96&d=mm&r=g","caption":"apoiar"}}]}},"_links":{"self":[{"href":"https:\/\/apoiar-stressdeguerra.com\/pt\/wp-json\/wp\/v2\/posts\/549","targetHints":{"allow":["GET"]}}],"collection":[{"href":"https:\/\/apoiar-stressdeguerra.com\/pt\/wp-json\/wp\/v2\/posts"}],"about":[{"href":"https:\/\/apoiar-stressdeguerra.com\/pt\/wp-json\/wp\/v2\/types\/post"}],"author":[{"embeddable":true,"href":"https:\/\/apoiar-stressdeguerra.com\/pt\/wp-json\/wp\/v2\/users\/1"}],"replies":[{"embeddable":true,"href":"https:\/\/apoiar-stressdeguerra.com\/pt\/wp-json\/wp\/v2\/comments?post=549"}],"version-history":[{"count":3,"href":"https:\/\/apoiar-stressdeguerra.com\/pt\/wp-json\/wp\/v2\/posts\/549\/revisions"}],"predecessor-version":[{"id":554,"href":"https:\/\/apoiar-stressdeguerra.com\/pt\/wp-json\/wp\/v2\/posts\/549\/revisions\/554"}],"wp:attachment":[{"href":"https:\/\/apoiar-stressdeguerra.com\/pt\/wp-json\/wp\/v2\/media?parent=549"}],"wp:term":[{"taxonomy":"category","embeddable":true,"href":"https:\/\/apoiar-stressdeguerra.com\/pt\/wp-json\/wp\/v2\/categories?post=549"},{"taxonomy":"post_tag","embeddable":true,"href":"https:\/\/apoiar-stressdeguerra.com\/pt\/wp-json\/wp\/v2\/tags?post=549"}],"curies":[{"name":"wp","href":"https:\/\/api.w.org\/{rel}","templated":true}]}}